{"id":8050,"date":"2020-08-12T10:59:10","date_gmt":"2020-08-12T15:59:10","guid":{"rendered":"https:\/\/hades.unisangil.edu.co\/?p=8050"},"modified":"2023-12-12T11:01:02","modified_gmt":"2023-12-12T16:01:02","slug":"unisangil-participa-en-la-5ta-conferencia-de-gestion-del-riesgo-en-el-piedemonte-llanero","status":"publish","type":"post","link":"https:\/\/unisangil.edu.co\/?p=8050","title":{"rendered":"UNISANGIL participa en la 5ta Conferencia de Gesti\u00f3n del Riesgo en el Piedemonte Llanero"},"content":{"rendered":"\t\t<div data-elementor-type=\"wp-post\" data-elementor-id=\"8050\" class=\"elementor elementor-8050\" data-elementor-post-type=\"post\">\n\t\t\t\t\t\t<section class=\"elementor-section elementor-top-section elementor-element elementor-element-01b0c98 elementor-section-boxed elementor-section-height-default elementor-section-height-default\" data-id=\"01b0c98\" data-element_type=\"section\" data-e-type=\"section\">\n\t\t\t\t\t\t<div class=\"elementor-container elementor-column-gap-default\">\n\t\t\t\t\t<div class=\"elementor-column elementor-col-100 elementor-top-column elementor-element elementor-element-f6bc6dc\" data-id=\"f6bc6dc\" data-element_type=\"column\" data-e-type=\"column\">\n\t\t\t<div class=\"elementor-widget-wrap elementor-element-populated\">\n\t\t\t\t\t\t\t<\/div>\n\t\t<\/div>\n\t\t\t\t\t<\/div>\n\t\t<\/section>\n\t\t\t\t<section class=\"elementor-section elementor-top-section elementor-element elementor-element-a415db0 elementor-section-boxed elementor-section-height-default elementor-section-height-default\" data-id=\"a415db0\" data-element_type=\"section\" data-e-type=\"section\">\n\t\t\t\t\t\t<div class=\"elementor-container elementor-column-gap-default\">\n\t\t\t\t\t<div class=\"elementor-column elementor-col-100 elementor-top-column elementor-element elementor-element-8ad9a92\" data-id=\"8ad9a92\" data-element_type=\"column\" data-e-type=\"column\">\n\t\t\t<div class=\"elementor-widget-wrap elementor-element-populated\">\n\t\t\t\t\t\t<div class=\"elementor-element elementor-element-f2c178d elementor-widget elementor-widget-image\" data-id=\"f2c178d\" data-element_type=\"widget\" data-e-type=\"widget\" data-widget_type=\"image.default\">\n\t\t\t\t<div class=\"elementor-widget-container\">\n\t\t\t\t\t\t\t\t\t\t\t\t\t\t\t<img fetchpriority=\"high\" decoding=\"async\" width=\"768\" height=\"390\" src=\"https:\/\/unisangil.edu.co\/wp-content\/uploads\/2023\/12\/nota_piedemonte_llanero-768x390.jpg\" class=\"attachment-medium_large size-medium_large wp-image-8051\" alt=\"\" srcset=\"https:\/\/unisangil.edu.co\/wp-content\/uploads\/2023\/12\/nota_piedemonte_llanero-768x390.jpg 768w, https:\/\/unisangil.edu.co\/wp-content\/uploads\/2023\/12\/nota_piedemonte_llanero-300x152.jpg 300w, https:\/\/unisangil.edu.co\/wp-content\/uploads\/2023\/12\/nota_piedemonte_llanero-48x24.jpg 48w, https:\/\/unisangil.edu.co\/wp-content\/uploads\/2023\/12\/nota_piedemonte_llanero.jpg 850w\" sizes=\"(max-width: 768px) 100vw, 768px\" \/>\t\t\t\t\t\t\t\t\t\t\t\t\t\t\t<\/div>\n\t\t\t\t<\/div>\n\t\t\t\t\t<\/div>\n\t\t<\/div>\n\t\t\t\t\t<\/div>\n\t\t<\/section>\n\t\t<div class=\"elementor-element elementor-element-126401b e-flex e-con-boxed e-con e-parent\" data-id=\"126401b\" data-element_type=\"container\" data-e-type=\"container\">\n\t\t\t\t\t<div class=\"e-con-inner\">\n\t\t\t\t<div class=\"elementor-element elementor-element-b014b3e elementor-widget elementor-widget-text-editor\" data-id=\"b014b3e\" data-element_type=\"widget\" data-e-type=\"widget\" data-widget_type=\"text-editor.default\">\n\t\t\t\t<div class=\"elementor-widget-container\">\n\t\t\t\t\t\t\t\t\t<p>UNISANGIL participa en la 5ta conferencia Gesti\u00f3n del Riesgo en Piedemonte Llanero. Fotograf\u00eda: Suministrada.<\/p>\t\t\t\t\t\t\t\t<\/div>\n\t\t\t\t<\/div>\n\t\t\t\t\t<\/div>\n\t\t\t\t<\/div>\n\t\t\t\t<section class=\"elementor-section elementor-top-section elementor-element elementor-element-4f6d06c elementor-section-full_width elementor-section-height-default elementor-section-height-default\" data-id=\"4f6d06c\" data-element_type=\"section\" data-e-type=\"section\">\n\t\t\t\t\t\t<div class=\"elementor-container elementor-column-gap-default\">\n\t\t\t\t\t<div class=\"elementor-column elementor-col-100 elementor-top-column elementor-element elementor-element-4ec8630\" data-id=\"4ec8630\" data-element_type=\"column\" data-e-type=\"column\">\n\t\t\t<div class=\"elementor-widget-wrap elementor-element-populated\">\n\t\t\t\t\t\t<div class=\"elementor-element elementor-element-fc60372 eael-dual-header-content-align-center elementor-widget elementor-widget-eael-dual-color-header\" data-id=\"fc60372\" data-element_type=\"widget\" data-e-type=\"widget\" data-widget_type=\"eael-dual-color-header.default\">\n\t\t\t\t<div class=\"elementor-widget-container\">\n\t\t\t\t\t\t\t\t<div class=\"eael-dual-header\">\n\t\t\t\t<h6 class=\"title eael-dch-title\"><span class=\"eael-dch-title-text eael-dch-title-lead lead solid-color\">UNISANGIL participa en la 5ta Conferencia de Gesti\u00f3n del Riesgo en el Piedemonte Llanero<\/span> <span class=\"eael-dch-title-text\"><\/span><\/h6><div class=\"eael-dch-separator-wrap\"><span class=\"separator-one\"><\/span>\n\t\t\t<span class=\"separator-two\"><\/span><\/div>\t\t\t\t\t<span class=\"eael-dch-svg-icon\"><\/span>\t\t\t\t\t\t\t<\/div>\n\n\t\t\t\t\t\t<\/div>\n\t\t\t\t<\/div>\n\t\t\t\t<div class=\"elementor-element elementor-element-a177242 elementor-share-buttons--view-icon elementor-share-buttons--skin-flat elementor-share-buttons--shape-circle elementor-grid-0 elementor-share-buttons--color-official elementor-widget elementor-widget-share-buttons\" data-id=\"a177242\" data-element_type=\"widget\" data-e-type=\"widget\" data-widget_type=\"share-buttons.default\">\n\t\t\t\t<div class=\"elementor-widget-container\">\n\t\t\t\t\t\t\t<div class=\"elementor-grid\" role=\"list\">\n\t\t\t\t\t\t\t\t<div class=\"elementor-grid-item\" role=\"listitem\">\n\t\t\t\t\t\t<div class=\"elementor-share-btn elementor-share-btn_facebook\" role=\"button\" tabindex=\"0\" aria-label=\"Share on facebook\">\n\t\t\t\t\t\t\t\t\t\t\t\t\t\t\t<span class=\"elementor-share-btn__icon\">\n\t\t\t\t\t\t\t\t<i class=\"fab fa-facebook\" aria-hidden=\"true\"><\/i>\t\t\t\t\t\t\t<\/span>\n\t\t\t\t\t\t\t\t\t\t\t\t\t\t\t\t\t\t\t\t<\/div>\n\t\t\t\t\t<\/div>\n\t\t\t\t\t\t\t\t\t<div class=\"elementor-grid-item\" role=\"listitem\">\n\t\t\t\t\t\t<div class=\"elementor-share-btn elementor-share-btn_twitter\" role=\"button\" tabindex=\"0\" aria-label=\"Share on twitter\">\n\t\t\t\t\t\t\t\t\t\t\t\t\t\t\t<span class=\"elementor-share-btn__icon\">\n\t\t\t\t\t\t\t\t<i class=\"fab fa-twitter\" aria-hidden=\"true\"><\/i>\t\t\t\t\t\t\t<\/span>\n\t\t\t\t\t\t\t\t\t\t\t\t\t\t\t\t\t\t\t\t<\/div>\n\t\t\t\t\t<\/div>\n\t\t\t\t\t\t\t\t\t<div class=\"elementor-grid-item\" role=\"listitem\">\n\t\t\t\t\t\t<div class=\"elementor-share-btn elementor-share-btn_whatsapp\" role=\"button\" tabindex=\"0\" aria-label=\"Share on whatsapp\">\n\t\t\t\t\t\t\t\t\t\t\t\t\t\t\t<span class=\"elementor-share-btn__icon\">\n\t\t\t\t\t\t\t\t<i class=\"fab fa-whatsapp\" aria-hidden=\"true\"><\/i>\t\t\t\t\t\t\t<\/span>\n\t\t\t\t\t\t\t\t\t\t\t\t\t\t\t\t\t\t\t\t<\/div>\n\t\t\t\t\t<\/div>\n\t\t\t\t\t\t\t\t\t<div class=\"elementor-grid-item\" role=\"listitem\">\n\t\t\t\t\t\t<div class=\"elementor-share-btn elementor-share-btn_linkedin\" role=\"button\" tabindex=\"0\" aria-label=\"Share on linkedin\">\n\t\t\t\t\t\t\t\t\t\t\t\t\t\t\t<span class=\"elementor-share-btn__icon\">\n\t\t\t\t\t\t\t\t<i class=\"fab fa-linkedin\" aria-hidden=\"true\"><\/i>\t\t\t\t\t\t\t<\/span>\n\t\t\t\t\t\t\t\t\t\t\t\t\t\t\t\t\t\t\t\t<\/div>\n\t\t\t\t\t<\/div>\n\t\t\t\t\t\t<\/div>\n\t\t\t\t\t\t<\/div>\n\t\t\t\t<\/div>\n\t\t\t\t\t<\/div>\n\t\t<\/div>\n\t\t\t\t\t<\/div>\n\t\t<\/section>\n\t\t\t\t<section class=\"elementor-section elementor-top-section elementor-element elementor-element-97532e0 elementor-section-boxed elementor-section-height-default elementor-section-height-default\" data-id=\"97532e0\" data-element_type=\"section\" data-e-type=\"section\">\n\t\t\t\t\t\t<div class=\"elementor-container elementor-column-gap-default\">\n\t\t\t\t\t<div class=\"elementor-column elementor-col-100 elementor-top-column elementor-element elementor-element-dfa46e9\" data-id=\"dfa46e9\" data-element_type=\"column\" data-e-type=\"column\">\n\t\t\t<div class=\"elementor-widget-wrap elementor-element-populated\">\n\t\t\t\t\t\t<div class=\"elementor-element elementor-element-ca5ee45 elementor-widget__width-initial elementor-widget elementor-widget-text-editor\" data-id=\"ca5ee45\" data-element_type=\"widget\" data-e-type=\"widget\" data-widget_type=\"text-editor.default\">\n\t\t\t\t<div class=\"elementor-widget-container\">\n\t\t\t\t\t\t\t\t\t<p>UNISANGIL sede Yopal, junto con la Universidad Unitr\u00f3pico y la UPTC, participar\u00e1n en la\u00a0<strong>5a\u00a0Conferencia\u00a0<\/strong><strong>de Gesti\u00f3n del Riesgo en el Piedemonte Llanero,<\/strong>\u00a0los d\u00edas 12, 13 y 14 de agosto, en el horario de 4:00 p.m. a 6:30 p.m. Este evento virtual ser\u00e1 una gran oportunidad para llegar al p\u00fablico nacional con inter\u00e9s en la gesti\u00f3n del riesgo de desastres, no solo para la regi\u00f3n llanera, sino para todo el pa\u00eds.<\/p><p>El objetivo del evento es promover el intercambio de investigaciones, metodolog\u00edas y experiencias desde la multidisciplinariedad, para fortalecer los procesos de la gesti\u00f3n del riesgo de desastres: conocimiento del riesgo, reducci\u00f3n del riesgo y manejo de desastres en el contexto del Piedemonte Llanero, que impactan al sector p\u00fablico, privado y comunitario en la regi\u00f3n.<\/p><p><strong>Esta ser\u00e1 la agenda del evento:<\/strong><\/p><p><strong>12 de agosto<\/strong><br \/><strong>Conocimiento del Riesgo<\/strong><br \/>Moderador: Ing. H\u00e9ctor Fonseca &#8211; UPTC<br \/><strong>Participan:<\/strong><br \/>Dr. Germ\u00e1n Poveda Jaramillo-(Universidad Nacional de Colombia),<br \/>Ing. Eduardo Becerra (IDEAM),<br \/>Dr. Franck Audemard, (Consultor Internacional &#8211; \/ FUNVISIS \u2013 UPTC y SGC)<br \/>Ing. Gloria Ruiz (SGC)<br \/><strong>Ge\u00f3l. Fabi\u00e1n G\u00f3mez (UNISANGIL)<\/strong><\/p><p><strong>13 de agosto<br \/>Reducci\u00f3n del Riesgo<br \/><\/strong>Moderadora: Ing. Lina Dorado Gonz\u00e1lez &#8211; Subdirectora para el Conocimiento del Riesgo -UNGRD<br \/><strong>Participan:<\/strong><br \/>Dr. Mario Camilo Torres Su\u00e1rez (Sociedad Colombiana de Ingenieros),<br \/>Ing. Luis Felipe M\u00e1rquez \u00a0(Federaci\u00f3n de Municipios),<br \/>Ing. V\u00edctor Camacho (UNGRD),<br \/>Ing. Armando Su\u00e1rez (CORPORINOQUIA)<\/p><p><strong>14 de agosto<br \/><\/strong><strong>Manejo del Desastre<\/strong><br \/>Moderadora: Ing. Lina Dorado Gonz\u00e1lez &#8211; Subdirectora para el Conocimiento del Riesgo -UNGRD<br \/><strong>Participan:<\/strong><br \/>Ing. Juan Sebasti\u00e1n Boh\u00f3rquez Rodr\u00edguez e Ing.\u00a0\u00a0Bonny Alejandro Pacheco Cohecha\u00a0(CORMACARENA),<br \/>Ing. Elizabeth C\u00e1rdenas (CENIT)<\/p><p><strong>Conversatorio experiencias locales en las estrategias para la respuesta<\/strong><br \/>Moderadora: Nels\u00f3n Hern\u00e1ndez (UNGRD)<br \/><strong>CMGRD Yopal,\u00a0<\/strong>Elizabeth Puerto Puerto<strong>, CMGRD Villavicencio,<\/strong>\u00a0David Ria\u00f1o<strong>, CDGRD Casanare,\u00a0<\/strong>Guillermo Alberto P\u00e9rez Torres,<strong>\u00a0CDGRD Meta<\/strong>.\u00a0Wilson L\u00f3pez Bogot\u00e1<\/p><p>Este encuentro ser\u00e1 transmitido en la plataforma YouTube. Todos los participantes que se registren, recibir\u00e1n un correo\u00a0con el enlace de la plataforma para ingresar a las actividades.<strong><u>\u00a0<a href=\"https:\/\/forms.gle\/eVvGNUYaafWAGjbe8\" target=\"_blank\" rel=\"alternate noopener noreferrer\">Inscr\u00edbase aqu\u00ed<\/a><\/u><\/strong>.<\/p>\t\t\t\t\t\t\t\t<\/div>\n\t\t\t\t<\/div>\n\t\t\t\t\t<\/div>\n\t\t<\/div>\n\t\t\t\t\t<\/div>\n\t\t<\/section>\n\t\t\t\t<section class=\"elementor-section elementor-top-section elementor-element elementor-element-f3f7e43 elementor-section-boxed elementor-section-height-default elementor-section-height-default\" data-id=\"f3f7e43\" data-element_type=\"section\" data-e-type=\"section\">\n\t\t\t\t\t\t<div class=\"elementor-container elementor-column-gap-default\">\n\t\t\t\t\t<div class=\"elementor-column elementor-col-100 elementor-top-column elementor-element elementor-element-770d55e\" data-id=\"770d55e\" data-element_type=\"column\" data-e-type=\"column\">\n\t\t\t<div class=\"elementor-widget-wrap elementor-element-populated\">\n\t\t\t\t\t\t<div class=\"elementor-element elementor-element-58087a1 elementor-widget-divider--view-line elementor-widget elementor-widget-divider\" data-id=\"58087a1\" data-element_type=\"widget\" data-e-type=\"widget\" data-widget_type=\"divider.default\">\n\t\t\t\t<div class=\"elementor-widget-container\">\n\t\t\t\t\t\t\t<div class=\"elementor-divider\">\n\t\t\t<span class=\"elementor-divider-separator\">\n\t\t\t\t\t\t<\/span>\n\t\t<\/div>\n\t\t\t\t\t\t<\/div>\n\t\t\t\t<\/div>\n\t\t\t\t\t<\/div>\n\t\t<\/div>\n\t\t\t\t\t<\/div>\n\t\t<\/section>\n\t\t\t\t<section class=\"elementor-section elementor-top-section elementor-element elementor-element-68c3995 elementor-section-boxed elementor-section-height-default elementor-section-height-default\" data-id=\"68c3995\" data-element_type=\"section\" data-e-type=\"section\">\n\t\t\t\t\t\t<div class=\"elementor-container elementor-column-gap-default\">\n\t\t\t\t\t<div class=\"elementor-column elementor-col-100 elementor-top-column elementor-element elementor-element-daba016\" data-id=\"daba016\" data-element_type=\"column\" data-e-type=\"column\">\n\t\t\t<div class=\"elementor-widget-wrap elementor-element-populated\">\n\t\t\t\t\t\t<div class=\"elementor-element elementor-element-ba3b548 elementor-widget elementor-widget-text-editor\" data-id=\"ba3b548\" data-element_type=\"widget\" data-e-type=\"widget\" data-widget_type=\"text-editor.default\">\n\t\t\t\t<div class=\"elementor-widget-container\">\n\t\t\t\t\t\t\t\t\t<p>M\u00e1s noticias<\/p>\t\t\t\t\t\t\t\t<\/div>\n\t\t\t\t<\/div>\n\t\t\t\t\t<\/div>\n\t\t<\/div>\n\t\t\t\t\t<\/div>\n\t\t<\/section>\n\t\t\t\t<section class=\"elementor-section elementor-top-section elementor-element elementor-element-ecf2660 elementor-section-boxed elementor-section-height-default elementor-section-height-default\" data-id=\"ecf2660\" data-element_type=\"section\" data-e-type=\"section\">\n\t\t\t\t\t\t<div class=\"elementor-container elementor-column-gap-default\">\n\t\t\t\t\t<div class=\"elementor-column elementor-col-100 elementor-top-column elementor-element elementor-element-d27d536\" data-id=\"d27d536\" data-element_type=\"column\" data-e-type=\"column\">\n\t\t\t<div class=\"elementor-widget-wrap elementor-element-populated\">\n\t\t\t\t\t\t<div class=\"elementor-element elementor-element-244d5c7 elementor-grid-4 elementor-grid-tablet-2 elementor-grid-mobile-1 elementor-posts--thumbnail-top elementor-widget elementor-widget-posts\" data-id=\"244d5c7\" data-element_type=\"widget\" data-e-type=\"widget\" data-settings=\"{&quot;classic_columns&quot;:&quot;4&quot;,&quot;classic_columns_tablet&quot;:&quot;2&quot;,&quot;classic_columns_mobile&quot;:&quot;1&quot;,&quot;classic_row_gap&quot;:{&quot;unit&quot;:&quot;px&quot;,&quot;size&quot;:35,&quot;sizes&quot;:[]},&quot;classic_row_gap_tablet&quot;:{&quot;unit&quot;:&quot;px&quot;,&quot;size&quot;:&quot;&quot;,&quot;sizes&quot;:[]},&quot;classic_row_gap_mobile&quot;:{&quot;unit&quot;:&quot;px&quot;,&quot;size&quot;:&quot;&quot;,&quot;sizes&quot;:[]}}\" data-widget_type=\"posts.classic\">\n\t\t\t\t<div class=\"elementor-widget-container\">\n\t\t\t\t\t\t\t<div class=\"elementor-posts-container elementor-posts elementor-posts--skin-classic elementor-grid\" role=\"list\">\n\t\t\t\t<article class=\"elementor-post elementor-grid-item post-25188 post type-post status-publish format-standard has-post-thumbnail hentry category-institucional category-investigacion\" role=\"listitem\">\n\t\t\t\t<a class=\"elementor-post__thumbnail__link\" href=\"https:\/\/unisangil.edu.co\/?p=25188\" tabindex=\"-1\" >\n\t\t\t<div class=\"elementor-post__thumbnail\"><img decoding=\"async\" width=\"300\" height=\"117\" src=\"https:\/\/unisangil.edu.co\/wp-content\/uploads\/2026\/04\/TAMANO-PORTADA-NOTICIAS-WEB-1-300x117.jpg\" class=\"attachment-medium size-medium wp-image-25189\" alt=\"\" srcset=\"https:\/\/unisangil.edu.co\/wp-content\/uploads\/2026\/04\/TAMANO-PORTADA-NOTICIAS-WEB-1-300x117.jpg 300w, https:\/\/unisangil.edu.co\/wp-content\/uploads\/2026\/04\/TAMANO-PORTADA-NOTICIAS-WEB-1-1024x400.jpg 1024w, https:\/\/unisangil.edu.co\/wp-content\/uploads\/2026\/04\/TAMANO-PORTADA-NOTICIAS-WEB-1-768x300.jpg 768w, https:\/\/unisangil.edu.co\/wp-content\/uploads\/2026\/04\/TAMANO-PORTADA-NOTICIAS-WEB-1-1536x600.jpg 1536w, https:\/\/unisangil.edu.co\/wp-content\/uploads\/2026\/04\/TAMANO-PORTADA-NOTICIAS-WEB-1-48x19.jpg 48w, https:\/\/unisangil.edu.co\/wp-content\/uploads\/2026\/04\/TAMANO-PORTADA-NOTICIAS-WEB-1.jpg 1920w\" sizes=\"(max-width: 300px) 100vw, 300px\" \/><\/div>\n\t\t<\/a>\n\t\t\t\t<div class=\"elementor-post__text\">\n\t\t\t\t<h3 class=\"elementor-post__title\">\n\t\t\t<a href=\"https:\/\/unisangil.edu.co\/?p=25188\" >\n\t\t\t\tEncuentro Institucional de Semilleros de Investigaci\u00f3n 2026 desarrollado en UNISANGIL\t\t\t<\/a>\n\t\t<\/h3>\n\t\t\t\t<div class=\"elementor-post__excerpt\">\n\t\t\t<p>Encuentro Institucional de Semilleros de Investigaci\u00f3n 2026 desarrollado en UNISANGIL Con la presentaci\u00f3n de 64 proyectos y la participaci\u00f3n de<\/p>\n\t\t<\/div>\n\t\t\n\t\t<a class=\"elementor-post__read-more\" href=\"https:\/\/unisangil.edu.co\/?p=25188\" aria-label=\"Read more about Encuentro Institucional de Semilleros de Investigaci\u00f3n 2026 desarrollado en UNISANGIL\" tabindex=\"-1\" >\n\t\t\tLeer m\u00e1s \u00bb\t\t<\/a>\n\n\t\t\t\t<\/div>\n\t\t\t\t<\/article>\n\t\t\t\t<article class=\"elementor-post elementor-grid-item post-23736 post type-post status-publish format-standard has-post-thumbnail hentry category-institucional category-investigacion\" role=\"listitem\">\n\t\t\t\t<a class=\"elementor-post__thumbnail__link\" href=\"https:\/\/unisangil.edu.co\/?p=23736\" tabindex=\"-1\" >\n\t\t\t<div class=\"elementor-post__thumbnail\"><img decoding=\"async\" width=\"300\" height=\"117\" src=\"https:\/\/unisangil.edu.co\/wp-content\/uploads\/2026\/02\/TAMANO-PORTADA-NOTICIAS-WEB-3-300x117.jpg\" class=\"attachment-medium size-medium wp-image-23737\" alt=\"\" srcset=\"https:\/\/unisangil.edu.co\/wp-content\/uploads\/2026\/02\/TAMANO-PORTADA-NOTICIAS-WEB-3-300x117.jpg 300w, https:\/\/unisangil.edu.co\/wp-content\/uploads\/2026\/02\/TAMANO-PORTADA-NOTICIAS-WEB-3-1024x400.jpg 1024w, https:\/\/unisangil.edu.co\/wp-content\/uploads\/2026\/02\/TAMANO-PORTADA-NOTICIAS-WEB-3-768x300.jpg 768w, https:\/\/unisangil.edu.co\/wp-content\/uploads\/2026\/02\/TAMANO-PORTADA-NOTICIAS-WEB-3-1536x600.jpg 1536w, https:\/\/unisangil.edu.co\/wp-content\/uploads\/2026\/02\/TAMANO-PORTADA-NOTICIAS-WEB-3-48x19.jpg 48w, https:\/\/unisangil.edu.co\/wp-content\/uploads\/2026\/02\/TAMANO-PORTADA-NOTICIAS-WEB-3.jpg 1920w\" sizes=\"(max-width: 300px) 100vw, 300px\" \/><\/div>\n\t\t<\/a>\n\t\t\t\t<div class=\"elementor-post__text\">\n\t\t\t\t<h3 class=\"elementor-post__title\">\n\t\t\t<a href=\"https:\/\/unisangil.edu.co\/?p=23736\" >\n\t\t\t\tExperiencia de joven investigador egresado de UNISANGIL en proyecto financiado por Minciencias\t\t\t<\/a>\n\t\t<\/h3>\n\t\t\t\t<div class=\"elementor-post__excerpt\">\n\t\t\t<p>Experiencia de joven investigador egresado de UNISANGIL en proyecto financiado por Minciencias Desarrollado en el marco del programa \u201cManejo integral<\/p>\n\t\t<\/div>\n\t\t\n\t\t<a class=\"elementor-post__read-more\" href=\"https:\/\/unisangil.edu.co\/?p=23736\" aria-label=\"Read more about Experiencia de joven investigador egresado de UNISANGIL en proyecto financiado por Minciencias\" tabindex=\"-1\" >\n\t\t\tLeer m\u00e1s \u00bb\t\t<\/a>\n\n\t\t\t\t<\/div>\n\t\t\t\t<\/article>\n\t\t\t\t<article class=\"elementor-post elementor-grid-item post-23714 post type-post status-publish format-standard has-post-thumbnail hentry category-institucional category-investigacion\" role=\"listitem\">\n\t\t\t\t<a class=\"elementor-post__thumbnail__link\" href=\"https:\/\/unisangil.edu.co\/?p=23714\" tabindex=\"-1\" >\n\t\t\t<div class=\"elementor-post__thumbnail\"><img loading=\"lazy\" decoding=\"async\" width=\"300\" height=\"117\" src=\"https:\/\/unisangil.edu.co\/wp-content\/uploads\/2026\/02\/TAMANO-PORTADA-NOTICIAS-WEB-1-1-300x117.jpg\" class=\"attachment-medium size-medium wp-image-23715\" alt=\"\" srcset=\"https:\/\/unisangil.edu.co\/wp-content\/uploads\/2026\/02\/TAMANO-PORTADA-NOTICIAS-WEB-1-1-300x117.jpg 300w, https:\/\/unisangil.edu.co\/wp-content\/uploads\/2026\/02\/TAMANO-PORTADA-NOTICIAS-WEB-1-1-1024x400.jpg 1024w, https:\/\/unisangil.edu.co\/wp-content\/uploads\/2026\/02\/TAMANO-PORTADA-NOTICIAS-WEB-1-1-768x300.jpg 768w, https:\/\/unisangil.edu.co\/wp-content\/uploads\/2026\/02\/TAMANO-PORTADA-NOTICIAS-WEB-1-1-1536x600.jpg 1536w, https:\/\/unisangil.edu.co\/wp-content\/uploads\/2026\/02\/TAMANO-PORTADA-NOTICIAS-WEB-1-1-48x19.jpg 48w, https:\/\/unisangil.edu.co\/wp-content\/uploads\/2026\/02\/TAMANO-PORTADA-NOTICIAS-WEB-1-1.jpg 1920w\" sizes=\"(max-width: 300px) 100vw, 300px\" \/><\/div>\n\t\t<\/a>\n\t\t\t\t<div class=\"elementor-post__text\">\n\t\t\t\t<h3 class=\"elementor-post__title\">\n\t\t\t<a href=\"https:\/\/unisangil.edu.co\/?p=23714\" >\n\t\t\t\tExpertos del Campus Iberus visitan UNISANGIL y a comunidades rurales de Aratoca para transferir y fortalecer el turismo sostenible y la bioeconom\u00eda\t\t\t<\/a>\n\t\t<\/h3>\n\t\t\t\t<div class=\"elementor-post__excerpt\">\n\t\t\t<p>Expertos del Campus Iberus visitan UNISANGIL y a comunidades rurales de Aratoca para transferir y fortalecer el turismo sostenible y<\/p>\n\t\t<\/div>\n\t\t\n\t\t<a class=\"elementor-post__read-more\" href=\"https:\/\/unisangil.edu.co\/?p=23714\" aria-label=\"Read more about Expertos del Campus Iberus visitan UNISANGIL y a comunidades rurales de Aratoca para transferir y fortalecer el turismo sostenible y la bioeconom\u00eda\" tabindex=\"-1\" >\n\t\t\tLeer m\u00e1s \u00bb\t\t<\/a>\n\n\t\t\t\t<\/div>\n\t\t\t\t<\/article>\n\t\t\t\t<\/div>\n\t\t\n\t\t\t\t\t\t<\/div>\n\t\t\t\t<\/div>\n\t\t\t\t\t<\/div>\n\t\t<\/div>\n\t\t\t\t\t<\/div>\n\t\t<\/section>\n\t\t\t\t<section class=\"elementor-section elementor-top-section elementor-element elementor-element-4f40744 elementor-section-boxed elementor-section-height-default elementor-section-height-default\" data-id=\"4f40744\" data-element_type=\"section\" data-e-type=\"section\" data-settings=\"{&quot;background_background&quot;:&quot;classic&quot;}\">\n\t\t\t\t\t\t<div class=\"elementor-container elementor-column-gap-default\">\n\t\t\t\t\t<div class=\"elementor-column elementor-col-100 elementor-top-column elementor-element elementor-element-f80ca25\" data-id=\"f80ca25\" data-element_type=\"column\" data-e-type=\"column\">\n\t\t\t<div class=\"elementor-widget-wrap elementor-element-populated\">\n\t\t\t\t\t\t<div class=\"elementor-element elementor-element-ea44dde elementor-position-inline-start elementor-view-default elementor-mobile-position-block-start elementor-widget elementor-widget-icon-box\" data-id=\"ea44dde\" data-element_type=\"widget\" data-e-type=\"widget\" data-widget_type=\"icon-box.default\">\n\t\t\t\t<div class=\"elementor-widget-container\">\n\t\t\t\t\t\t\t<div class=\"elementor-icon-box-wrapper\">\n\n\t\t\t\t\t\t<div class=\"elementor-icon-box-icon\">\n\t\t\t\t<a href=\"https:\/\/hades.unisangil.edu.co\/?page_id=3118\" class=\"elementor-icon\" tabindex=\"-1\" aria-label=\"Archivo  de noticias\">\n\t\t\t\t<i aria-hidden=\"true\" class=\"fas fa-newspaper\"><\/i>\t\t\t\t<\/a>\n\t\t\t<\/div>\n\t\t\t\n\t\t\t\t\t\t<div class=\"elementor-icon-box-content\">\n\n\t\t\t\t\t\t\t\t\t<h3 class=\"elementor-icon-box-title\">\n\t\t\t\t\t\t<a href=\"https:\/\/hades.unisangil.edu.co\/?page_id=3118\" >\n\t\t\t\t\t\t\tArchivo  de noticias\t\t\t\t\t\t<\/a>\n\t\t\t\t\t<\/h3>\n\t\t\t\t\n\t\t\t\t\n\t\t\t<\/div>\n\t\t\t\n\t\t<\/div>\n\t\t\t\t\t\t<\/div>\n\t\t\t\t<\/div>\n\t\t\t\t\t<\/div>\n\t\t<\/div>\n\t\t\t\t\t<\/div>\n\t\t<\/section>\n\t\t\t\t<section class=\"elementor-section elementor-top-section elementor-element elementor-element-ea43e42 elementor-section-boxed elementor-section-height-default elementor-section-height-default\" data-id=\"ea43e42\" data-element_type=\"section\" data-e-type=\"section\">\n\t\t\t\t\t\t<div class=\"elementor-container elementor-column-gap-default\">\n\t\t\t\t\t<div class=\"elementor-column elementor-col-100 elementor-top-column elementor-element elementor-element-f5b459d\" data-id=\"f5b459d\" data-element_type=\"column\" data-e-type=\"column\">\n\t\t\t<div class=\"elementor-widget-wrap elementor-element-populated\">\n\t\t\t\t\t\t<div class=\"elementor-element elementor-element-8df3aff elementor-widget elementor-widget-spacer\" data-id=\"8df3aff\" data-element_type=\"widget\" data-e-type=\"widget\" data-widget_type=\"spacer.default\">\n\t\t\t\t<div class=\"elementor-widget-container\">\n\t\t\t\t\t\t\t<div class=\"elementor-spacer\">\n\t\t\t<div class=\"elementor-spacer-inner\"><\/div>\n\t\t<\/div>\n\t\t\t\t\t\t<\/div>\n\t\t\t\t<\/div>\n\t\t\t\t\t<\/div>\n\t\t<\/div>\n\t\t\t\t\t<\/div>\n\t\t<\/section>\n\t\t\t\t<\/div>\n\t\t","protected":false},"excerpt":{"rendered":"<p>UNISANGIL participa en la 5ta conferencia Gesti\u00f3n del Riesgo en Piedemonte Llanero. Fotograf\u00eda: Suministrada. UNISANGIL participa en la 5ta Conferencia de Gesti\u00f3n del Riesgo en el Piedemonte Llanero UNISANGIL sede Yopal, junto con la Universidad Unitr\u00f3pico y la UPTC, participar\u00e1n en la\u00a05a\u00a0Conferencia\u00a0de Gesti\u00f3n del Riesgo en el Piedemonte Llanero,\u00a0los d\u00edas 12, 13 y 14 de [&hellip;]<\/p>\n","protected":false},"author":2,"featured_media":8051,"comment_status":"closed","ping_status":"open","sticky":false,"template":"","format":"standard","meta":{"footnotes":""},"categories":[20],"tags":[],"class_list":["post-8050","post","type-post","status-publish","format-standard","has-post-thumbnail","hentry","category-institucional"],"yoast_head":"<!-- This site is optimized with the Yoast SEO plugin v25.6 - https:\/\/yoast.com\/wordpress\/plugins\/seo\/ -->\n<title>UNISANGIL participa en la 5ta Conferencia de Gesti\u00f3n del Riesgo en el Piedemonte Llanero - UNISANGIL<\/title>\n<meta name=\"description\" content=\"UNISANGIL sede Yopal, junto con la Universidad Unitr\u00f3pico y la UPTC, participar\u00e1n en la 5a Conferencia de Gesti\u00f3n del Riesgo en el Piedemonte Llanero.\" \/>\n<meta name=\"robots\" content=\"index, follow, max-snippet:-1, max-image-preview:large, max-video-preview:-1\" \/>\n<link rel=\"canonical\" href=\"https:\/\/unisangil.edu.co\/?p=8050\" \/>\n<meta property=\"og:locale\" content=\"es_ES\" \/>\n<meta property=\"og:type\" content=\"article\" \/>\n<meta property=\"og:title\" content=\"UNISANGIL participa en la 5ta Conferencia de Gesti\u00f3n del Riesgo en el Piedemonte Llanero - UNISANGIL\" \/>\n<meta property=\"og:description\" content=\"UNISANGIL sede Yopal, junto con la Universidad Unitr\u00f3pico y la UPTC, participar\u00e1n en la 5a Conferencia de Gesti\u00f3n del Riesgo en el Piedemonte Llanero.\" \/>\n<meta property=\"og:url\" content=\"https:\/\/unisangil.edu.co\/?p=8050\" \/>\n<meta property=\"og:site_name\" content=\"UNISANGIL\" \/>\n<meta property=\"article:publisher\" content=\"https:\/\/www.facebook.com\/UNISANGIL\" \/>\n<meta property=\"article:published_time\" content=\"2020-08-12T15:59:10+00:00\" \/>\n<meta property=\"article:modified_time\" content=\"2023-12-12T16:01:02+00:00\" \/>\n<meta property=\"og:image\" content=\"https:\/\/unisangil.edu.co\/wp-content\/uploads\/2023\/12\/nota_piedemonte_llanero.jpg\" \/>\n\t<meta property=\"og:image:width\" content=\"850\" \/>\n\t<meta property=\"og:image:height\" content=\"432\" \/>\n\t<meta property=\"og:image:type\" content=\"image\/jpeg\" \/>\n<meta name=\"author\" content=\"Joham Rodriguez\" \/>\n<meta name=\"twitter:card\" content=\"summary_large_image\" \/>\n<meta name=\"twitter:creator\" content=\"@UNISANGIL\" \/>\n<meta name=\"twitter:site\" content=\"@UNISANGIL\" \/>\n<meta name=\"twitter:label1\" content=\"Escrito por\" \/>\n\t<meta name=\"twitter:data1\" content=\"Joham Rodriguez\" \/>\n\t<meta name=\"twitter:label2\" content=\"Tiempo de lectura\" \/>\n\t<meta name=\"twitter:data2\" content=\"3 minutos\" \/>\n<script type=\"application\/ld+json\" class=\"yoast-schema-graph\">{\"@context\":\"https:\/\/schema.org\",\"@graph\":[{\"@type\":\"Article\",\"@id\":\"https:\/\/unisangil.edu.co\/?p=8050#article\",\"isPartOf\":{\"@id\":\"https:\/\/unisangil.edu.co\/?p=8050\"},\"author\":{\"name\":\"Joham Rodriguez\",\"@id\":\"https:\/\/unisangil.edu.co\/#\/schema\/person\/48a8b8dd11efb85f5593b22a496c35a2\"},\"headline\":\"UNISANGIL participa en la 5ta Conferencia de Gesti\u00f3n del Riesgo en el Piedemonte Llanero\",\"datePublished\":\"2020-08-12T15:59:10+00:00\",\"dateModified\":\"2023-12-12T16:01:02+00:00\",\"mainEntityOfPage\":{\"@id\":\"https:\/\/unisangil.edu.co\/?p=8050\"},\"wordCount\":402,\"publisher\":{\"@id\":\"https:\/\/unisangil.edu.co\/#organization\"},\"image\":{\"@id\":\"https:\/\/unisangil.edu.co\/?p=8050#primaryimage\"},\"thumbnailUrl\":\"https:\/\/unisangil.edu.co\/wp-content\/uploads\/2023\/12\/nota_piedemonte_llanero.jpg\",\"articleSection\":[\"Institucional\"],\"inLanguage\":\"es-CO\"},{\"@type\":\"WebPage\",\"@id\":\"https:\/\/unisangil.edu.co\/?p=8050\",\"url\":\"https:\/\/unisangil.edu.co\/?p=8050\",\"name\":\"UNISANGIL participa en la 5ta Conferencia de Gesti\u00f3n del Riesgo en el Piedemonte Llanero - UNISANGIL\",\"isPartOf\":{\"@id\":\"https:\/\/unisangil.edu.co\/#website\"},\"primaryImageOfPage\":{\"@id\":\"https:\/\/unisangil.edu.co\/?p=8050#primaryimage\"},\"image\":{\"@id\":\"https:\/\/unisangil.edu.co\/?p=8050#primaryimage\"},\"thumbnailUrl\":\"https:\/\/unisangil.edu.co\/wp-content\/uploads\/2023\/12\/nota_piedemonte_llanero.jpg\",\"datePublished\":\"2020-08-12T15:59:10+00:00\",\"dateModified\":\"2023-12-12T16:01:02+00:00\",\"description\":\"UNISANGIL sede Yopal, junto con la Universidad Unitr\u00f3pico y la UPTC, participar\u00e1n en la 5a Conferencia de Gesti\u00f3n del Riesgo en el Piedemonte Llanero.\",\"breadcrumb\":{\"@id\":\"https:\/\/unisangil.edu.co\/?p=8050#breadcrumb\"},\"inLanguage\":\"es-CO\",\"potentialAction\":[{\"@type\":\"ReadAction\",\"target\":[\"https:\/\/unisangil.edu.co\/?p=8050\"]}]},{\"@type\":\"ImageObject\",\"inLanguage\":\"es-CO\",\"@id\":\"https:\/\/unisangil.edu.co\/?p=8050#primaryimage\",\"url\":\"https:\/\/unisangil.edu.co\/wp-content\/uploads\/2023\/12\/nota_piedemonte_llanero.jpg\",\"contentUrl\":\"https:\/\/unisangil.edu.co\/wp-content\/uploads\/2023\/12\/nota_piedemonte_llanero.jpg\",\"width\":850,\"height\":432},{\"@type\":\"BreadcrumbList\",\"@id\":\"https:\/\/unisangil.edu.co\/?p=8050#breadcrumb\",\"itemListElement\":[{\"@type\":\"ListItem\",\"position\":1,\"name\":\"Inicio\",\"item\":\"https:\/\/unisangil.edu.co\/\"},{\"@type\":\"ListItem\",\"position\":2,\"name\":\"UNISANGIL participa en la 5ta Conferencia de Gesti\u00f3n del Riesgo en el Piedemonte Llanero\"}]},{\"@type\":\"WebSite\",\"@id\":\"https:\/\/unisangil.edu.co\/#website\",\"url\":\"https:\/\/unisangil.edu.co\/\",\"name\":\"UNISANGIL\",\"description\":\"Somos una Instituci\u00f3n de educaci\u00f3n superior de origen y acci\u00f3n solidarios que contribuye con el desarrollo de la sociedad en los \u00e1mbitos local y regional\",\"publisher\":{\"@id\":\"https:\/\/unisangil.edu.co\/#organization\"},\"potentialAction\":[{\"@type\":\"SearchAction\",\"target\":{\"@type\":\"EntryPoint\",\"urlTemplate\":\"https:\/\/unisangil.edu.co\/?s={search_term_string}\"},\"query-input\":{\"@type\":\"PropertyValueSpecification\",\"valueRequired\":true,\"valueName\":\"search_term_string\"}}],\"inLanguage\":\"es-CO\"},{\"@type\":\"Organization\",\"@id\":\"https:\/\/unisangil.edu.co\/#organization\",\"name\":\"UNISANGIL\",\"url\":\"https:\/\/unisangil.edu.co\/\",\"logo\":{\"@type\":\"ImageObject\",\"inLanguage\":\"es-CO\",\"@id\":\"https:\/\/unisangil.edu.co\/#\/schema\/logo\/image\/\",\"url\":\"https:\/\/unisangil.edu.co\/wp-content\/uploads\/2023\/06\/LOGO-UNISANGIL-WEB-1-2.png\",\"contentUrl\":\"https:\/\/unisangil.edu.co\/wp-content\/uploads\/2023\/06\/LOGO-UNISANGIL-WEB-1-2.png\",\"width\":1250,\"height\":1250,\"caption\":\"UNISANGIL\"},\"image\":{\"@id\":\"https:\/\/unisangil.edu.co\/#\/schema\/logo\/image\/\"},\"sameAs\":[\"https:\/\/www.facebook.com\/UNISANGIL\",\"https:\/\/x.com\/UNISANGIL\"]},{\"@type\":\"Person\",\"@id\":\"https:\/\/unisangil.edu.co\/#\/schema\/person\/48a8b8dd11efb85f5593b22a496c35a2\",\"name\":\"Joham Rodriguez\",\"url\":\"https:\/\/unisangil.edu.co\/?author=2\"}]}<\/script>\n<!-- \/ Yoast SEO plugin. -->","yoast_head_json":{"title":"UNISANGIL participa en la 5ta Conferencia de Gesti\u00f3n del Riesgo en el Piedemonte Llanero - UNISANGIL","description":"UNISANGIL sede Yopal, junto con la Universidad Unitr\u00f3pico y la UPTC, participar\u00e1n en la 5a Conferencia de Gesti\u00f3n del Riesgo en el Piedemonte Llanero.","robots":{"index":"index","follow":"follow","max-snippet":"max-snippet:-1","max-image-preview":"max-image-preview:large","max-video-preview":"max-video-preview:-1"},"canonical":"https:\/\/unisangil.edu.co\/?p=8050","og_locale":"es_ES","og_type":"article","og_title":"UNISANGIL participa en la 5ta Conferencia de Gesti\u00f3n del Riesgo en el Piedemonte Llanero - UNISANGIL","og_description":"UNISANGIL sede Yopal, junto con la Universidad Unitr\u00f3pico y la UPTC, participar\u00e1n en la 5a Conferencia de Gesti\u00f3n del Riesgo en el Piedemonte Llanero.","og_url":"https:\/\/unisangil.edu.co\/?p=8050","og_site_name":"UNISANGIL","article_publisher":"https:\/\/www.facebook.com\/UNISANGIL","article_published_time":"2020-08-12T15:59:10+00:00","article_modified_time":"2023-12-12T16:01:02+00:00","og_image":[{"width":850,"height":432,"url":"https:\/\/unisangil.edu.co\/wp-content\/uploads\/2023\/12\/nota_piedemonte_llanero.jpg","type":"image\/jpeg"}],"author":"Joham Rodriguez","twitter_card":"summary_large_image","twitter_creator":"@UNISANGIL","twitter_site":"@UNISANGIL","twitter_misc":{"Escrito por":"Joham Rodriguez","Tiempo de lectura":"3 minutos"},"schema":{"@context":"https:\/\/schema.org","@graph":[{"@type":"Article","@id":"https:\/\/unisangil.edu.co\/?p=8050#article","isPartOf":{"@id":"https:\/\/unisangil.edu.co\/?p=8050"},"author":{"name":"Joham Rodriguez","@id":"https:\/\/unisangil.edu.co\/#\/schema\/person\/48a8b8dd11efb85f5593b22a496c35a2"},"headline":"UNISANGIL participa en la 5ta Conferencia de Gesti\u00f3n del Riesgo en el Piedemonte Llanero","datePublished":"2020-08-12T15:59:10+00:00","dateModified":"2023-12-12T16:01:02+00:00","mainEntityOfPage":{"@id":"https:\/\/unisangil.edu.co\/?p=8050"},"wordCount":402,"publisher":{"@id":"https:\/\/unisangil.edu.co\/#organization"},"image":{"@id":"https:\/\/unisangil.edu.co\/?p=8050#primaryimage"},"thumbnailUrl":"https:\/\/unisangil.edu.co\/wp-content\/uploads\/2023\/12\/nota_piedemonte_llanero.jpg","articleSection":["Institucional"],"inLanguage":"es-CO"},{"@type":"WebPage","@id":"https:\/\/unisangil.edu.co\/?p=8050","url":"https:\/\/unisangil.edu.co\/?p=8050","name":"UNISANGIL participa en la 5ta Conferencia de Gesti\u00f3n del Riesgo en el Piedemonte Llanero - UNISANGIL","isPartOf":{"@id":"https:\/\/unisangil.edu.co\/#website"},"primaryImageOfPage":{"@id":"https:\/\/unisangil.edu.co\/?p=8050#primaryimage"},"image":{"@id":"https:\/\/unisangil.edu.co\/?p=8050#primaryimage"},"thumbnailUrl":"https:\/\/unisangil.edu.co\/wp-content\/uploads\/2023\/12\/nota_piedemonte_llanero.jpg","datePublished":"2020-08-12T15:59:10+00:00","dateModified":"2023-12-12T16:01:02+00:00","description":"UNISANGIL sede Yopal, junto con la Universidad Unitr\u00f3pico y la UPTC, participar\u00e1n en la 5a Conferencia de Gesti\u00f3n del Riesgo en el Piedemonte Llanero.","breadcrumb":{"@id":"https:\/\/unisangil.edu.co\/?p=8050#breadcrumb"},"inLanguage":"es-CO","potentialAction":[{"@type":"ReadAction","target":["https:\/\/unisangil.edu.co\/?p=8050"]}]},{"@type":"ImageObject","inLanguage":"es-CO","@id":"https:\/\/unisangil.edu.co\/?p=8050#primaryimage","url":"https:\/\/unisangil.edu.co\/wp-content\/uploads\/2023\/12\/nota_piedemonte_llanero.jpg","contentUrl":"https:\/\/unisangil.edu.co\/wp-content\/uploads\/2023\/12\/nota_piedemonte_llanero.jpg","width":850,"height":432},{"@type":"BreadcrumbList","@id":"https:\/\/unisangil.edu.co\/?p=8050#breadcrumb","itemListElement":[{"@type":"ListItem","position":1,"name":"Inicio","item":"https:\/\/unisangil.edu.co\/"},{"@type":"ListItem","position":2,"name":"UNISANGIL participa en la 5ta Conferencia de Gesti\u00f3n del Riesgo en el Piedemonte Llanero"}]},{"@type":"WebSite","@id":"https:\/\/unisangil.edu.co\/#website","url":"https:\/\/unisangil.edu.co\/","name":"UNISANGIL","description":"Somos una Instituci\u00f3n de educaci\u00f3n superior de origen y acci\u00f3n solidarios que contribuye con el desarrollo de la sociedad en los \u00e1mbitos local y regional","publisher":{"@id":"https:\/\/unisangil.edu.co\/#organization"},"potentialAction":[{"@type":"SearchAction","target":{"@type":"EntryPoint","urlTemplate":"https:\/\/unisangil.edu.co\/?s={search_term_string}"},"query-input":{"@type":"PropertyValueSpecification","valueRequired":true,"valueName":"search_term_string"}}],"inLanguage":"es-CO"},{"@type":"Organization","@id":"https:\/\/unisangil.edu.co\/#organization","name":"UNISANGIL","url":"https:\/\/unisangil.edu.co\/","logo":{"@type":"ImageObject","inLanguage":"es-CO","@id":"https:\/\/unisangil.edu.co\/#\/schema\/logo\/image\/","url":"https:\/\/unisangil.edu.co\/wp-content\/uploads\/2023\/06\/LOGO-UNISANGIL-WEB-1-2.png","contentUrl":"https:\/\/unisangil.edu.co\/wp-content\/uploads\/2023\/06\/LOGO-UNISANGIL-WEB-1-2.png","width":1250,"height":1250,"caption":"UNISANGIL"},"image":{"@id":"https:\/\/unisangil.edu.co\/#\/schema\/logo\/image\/"},"sameAs":["https:\/\/www.facebook.com\/UNISANGIL","https:\/\/x.com\/UNISANGIL"]},{"@type":"Person","@id":"https:\/\/unisangil.edu.co\/#\/schema\/person\/48a8b8dd11efb85f5593b22a496c35a2","name":"Joham Rodriguez","url":"https:\/\/unisangil.edu.co\/?author=2"}]}},"_links":{"self":[{"href":"https:\/\/unisangil.edu.co\/index.php?rest_route=\/wp\/v2\/posts\/8050"}],"collection":[{"href":"https:\/\/unisangil.edu.co\/index.php?rest_route=\/wp\/v2\/posts"}],"about":[{"href":"https:\/\/unisangil.edu.co\/index.php?rest_route=\/wp\/v2\/types\/post"}],"author":[{"embeddable":true,"href":"https:\/\/unisangil.edu.co\/index.php?rest_route=\/wp\/v2\/users\/2"}],"replies":[{"embeddable":true,"href":"https:\/\/unisangil.edu.co\/index.php?rest_route=%2Fwp%2Fv2%2Fcomments&post=8050"}],"version-history":[{"count":4,"href":"https:\/\/unisangil.edu.co\/index.php?rest_route=\/wp\/v2\/posts\/8050\/revisions"}],"predecessor-version":[{"id":8055,"href":"https:\/\/unisangil.edu.co\/index.php?rest_route=\/wp\/v2\/posts\/8050\/revisions\/8055"}],"wp:featuredmedia":[{"embeddable":true,"href":"https:\/\/unisangil.edu.co\/index.php?rest_route=\/wp\/v2\/media\/8051"}],"wp:attachment":[{"href":"https:\/\/unisangil.edu.co\/index.php?rest_route=%2Fwp%2Fv2%2Fmedia&parent=8050"}],"wp:term":[{"taxonomy":"category","embeddable":true,"href":"https:\/\/unisangil.edu.co\/index.php?rest_route=%2Fwp%2Fv2%2Fcategories&post=8050"},{"taxonomy":"post_tag","embeddable":true,"href":"https:\/\/unisangil.edu.co\/index.php?rest_route=%2Fwp%2Fv2%2Ftags&post=8050"}],"curies":[{"name":"wp","href":"https:\/\/api.w.org\/{rel}","templated":true}]}}