{"id":7986,"date":"2020-09-28T10:07:10","date_gmt":"2020-09-28T15:07:10","guid":{"rendered":"https:\/\/hades.unisangil.edu.co\/?p=7986"},"modified":"2023-12-12T10:11:50","modified_gmt":"2023-12-12T15:11:50","slug":"el-proyecto-de-formacion-coral-infantil-canta-guanenta-beneficia-junto-con-el-ministerio-de-cultura-a-mas-de-70-estudiantes-de-la-provincia-de-guanenta","status":"publish","type":"post","link":"https:\/\/unisangil.edu.co\/?p=7986","title":{"rendered":"El proyecto de formaci\u00f3n coral infantil, \u2018Canta Guanent\u00e1\u2019, beneficia junto con el Ministerio de Cultura a m\u00e1s de 70 estudiantes de la Provincia de Guanent\u00e1"},"content":{"rendered":"\t\t<div data-elementor-type=\"wp-post\" data-elementor-id=\"7986\" class=\"elementor elementor-7986\" data-elementor-post-type=\"post\">\n\t\t\t\t\t\t<section class=\"elementor-section elementor-top-section elementor-element elementor-element-01b0c98 elementor-section-boxed elementor-section-height-default elementor-section-height-default\" data-id=\"01b0c98\" data-element_type=\"section\" data-e-type=\"section\">\n\t\t\t\t\t\t<div class=\"elementor-container elementor-column-gap-default\">\n\t\t\t\t\t<div class=\"elementor-column elementor-col-100 elementor-top-column elementor-element elementor-element-f6bc6dc\" data-id=\"f6bc6dc\" data-element_type=\"column\" data-e-type=\"column\">\n\t\t\t<div class=\"elementor-widget-wrap elementor-element-populated\">\n\t\t\t\t\t\t\t<\/div>\n\t\t<\/div>\n\t\t\t\t\t<\/div>\n\t\t<\/section>\n\t\t\t\t<section class=\"elementor-section elementor-top-section elementor-element elementor-element-a415db0 elementor-section-boxed elementor-section-height-default elementor-section-height-default\" data-id=\"a415db0\" data-element_type=\"section\" data-e-type=\"section\">\n\t\t\t\t\t\t<div class=\"elementor-container elementor-column-gap-default\">\n\t\t\t\t\t<div class=\"elementor-column elementor-col-100 elementor-top-column elementor-element elementor-element-8ad9a92\" data-id=\"8ad9a92\" data-element_type=\"column\" data-e-type=\"column\">\n\t\t\t<div class=\"elementor-widget-wrap elementor-element-populated\">\n\t\t\t\t\t\t<div class=\"elementor-element elementor-element-f2c178d elementor-widget elementor-widget-image\" data-id=\"f2c178d\" data-element_type=\"widget\" data-e-type=\"widget\" data-widget_type=\"image.default\">\n\t\t\t\t<div class=\"elementor-widget-container\">\n\t\t\t\t\t\t\t\t\t\t\t\t\t\t\t<img fetchpriority=\"high\" decoding=\"async\" width=\"768\" height=\"390\" src=\"https:\/\/unisangil.edu.co\/wp-content\/uploads\/2023\/12\/not_canta_guanenta-768x390.jpg\" class=\"attachment-medium_large size-medium_large wp-image-7987\" alt=\"\" srcset=\"https:\/\/unisangil.edu.co\/wp-content\/uploads\/2023\/12\/not_canta_guanenta-768x390.jpg 768w, https:\/\/unisangil.edu.co\/wp-content\/uploads\/2023\/12\/not_canta_guanenta-300x152.jpg 300w, https:\/\/unisangil.edu.co\/wp-content\/uploads\/2023\/12\/not_canta_guanenta-48x24.jpg 48w, https:\/\/unisangil.edu.co\/wp-content\/uploads\/2023\/12\/not_canta_guanenta.jpg 850w\" sizes=\"(max-width: 768px) 100vw, 768px\" \/>\t\t\t\t\t\t\t\t\t\t\t\t\t\t\t<\/div>\n\t\t\t\t<\/div>\n\t\t\t\t\t<\/div>\n\t\t<\/div>\n\t\t\t\t\t<\/div>\n\t\t<\/section>\n\t\t<div class=\"elementor-element elementor-element-126401b e-flex e-con-boxed e-con e-parent\" data-id=\"126401b\" data-element_type=\"container\" data-e-type=\"container\">\n\t\t\t\t\t<div class=\"e-con-inner\">\n\t\t\t\t<div class=\"elementor-element elementor-element-b014b3e elementor-widget elementor-widget-text-editor\" data-id=\"b014b3e\" data-element_type=\"widget\" data-e-type=\"widget\" data-widget_type=\"text-editor.default\">\n\t\t\t\t<div class=\"elementor-widget-container\">\n\t\t\t\t\t\t\t\t\t<p>Fotograf\u00eda: Proyecto Canta Guanent\u00e1.<\/p>\t\t\t\t\t\t\t\t<\/div>\n\t\t\t\t<\/div>\n\t\t\t\t\t<\/div>\n\t\t\t\t<\/div>\n\t\t\t\t<section class=\"elementor-section elementor-top-section elementor-element elementor-element-4f6d06c elementor-section-full_width elementor-section-height-default elementor-section-height-default\" data-id=\"4f6d06c\" data-element_type=\"section\" data-e-type=\"section\">\n\t\t\t\t\t\t<div class=\"elementor-container elementor-column-gap-default\">\n\t\t\t\t\t<div class=\"elementor-column elementor-col-100 elementor-top-column elementor-element elementor-element-4ec8630\" data-id=\"4ec8630\" data-element_type=\"column\" data-e-type=\"column\">\n\t\t\t<div class=\"elementor-widget-wrap elementor-element-populated\">\n\t\t\t\t\t\t<div class=\"elementor-element elementor-element-fc60372 eael-dual-header-content-align-center elementor-widget elementor-widget-eael-dual-color-header\" data-id=\"fc60372\" data-element_type=\"widget\" data-e-type=\"widget\" data-widget_type=\"eael-dual-color-header.default\">\n\t\t\t\t<div class=\"elementor-widget-container\">\n\t\t\t\t\t\t\t\t<div class=\"eael-dual-header\">\n\t\t\t\t<h6 class=\"title eael-dch-title\"><span class=\"eael-dch-title-text eael-dch-title-lead lead solid-color\">El proyecto de formaci\u00f3n coral infantil, \u2018Canta Guanent\u00e1\u2019, beneficia junto con el Ministerio de Cultura a m\u00e1s de 70 estudiantes de la Provincia de Guanent\u00e1<\/span> <span class=\"eael-dch-title-text\"><\/span><\/h6><div class=\"eael-dch-separator-wrap\"><span class=\"separator-one\"><\/span>\n\t\t\t<span class=\"separator-two\"><\/span><\/div>\t\t\t\t\t<span class=\"eael-dch-svg-icon\"><\/span>\t\t\t\t\t\t\t<\/div>\n\n\t\t\t\t\t\t<\/div>\n\t\t\t\t<\/div>\n\t\t\t\t<div class=\"elementor-element elementor-element-a177242 elementor-share-buttons--view-icon elementor-share-buttons--skin-flat elementor-share-buttons--shape-circle elementor-grid-0 elementor-share-buttons--color-official elementor-widget elementor-widget-share-buttons\" data-id=\"a177242\" data-element_type=\"widget\" data-e-type=\"widget\" data-widget_type=\"share-buttons.default\">\n\t\t\t\t<div class=\"elementor-widget-container\">\n\t\t\t\t\t\t\t<div class=\"elementor-grid\" role=\"list\">\n\t\t\t\t\t\t\t\t<div class=\"elementor-grid-item\" role=\"listitem\">\n\t\t\t\t\t\t<div class=\"elementor-share-btn elementor-share-btn_facebook\" role=\"button\" tabindex=\"0\" aria-label=\"Share on facebook\">\n\t\t\t\t\t\t\t\t\t\t\t\t\t\t\t<span class=\"elementor-share-btn__icon\">\n\t\t\t\t\t\t\t\t<i class=\"fab fa-facebook\" aria-hidden=\"true\"><\/i>\t\t\t\t\t\t\t<\/span>\n\t\t\t\t\t\t\t\t\t\t\t\t\t\t\t\t\t\t\t\t<\/div>\n\t\t\t\t\t<\/div>\n\t\t\t\t\t\t\t\t\t<div class=\"elementor-grid-item\" role=\"listitem\">\n\t\t\t\t\t\t<div class=\"elementor-share-btn elementor-share-btn_twitter\" role=\"button\" tabindex=\"0\" aria-label=\"Share on twitter\">\n\t\t\t\t\t\t\t\t\t\t\t\t\t\t\t<span class=\"elementor-share-btn__icon\">\n\t\t\t\t\t\t\t\t<i class=\"fab fa-twitter\" aria-hidden=\"true\"><\/i>\t\t\t\t\t\t\t<\/span>\n\t\t\t\t\t\t\t\t\t\t\t\t\t\t\t\t\t\t\t\t<\/div>\n\t\t\t\t\t<\/div>\n\t\t\t\t\t\t\t\t\t<div class=\"elementor-grid-item\" role=\"listitem\">\n\t\t\t\t\t\t<div class=\"elementor-share-btn elementor-share-btn_whatsapp\" role=\"button\" tabindex=\"0\" aria-label=\"Share on whatsapp\">\n\t\t\t\t\t\t\t\t\t\t\t\t\t\t\t<span class=\"elementor-share-btn__icon\">\n\t\t\t\t\t\t\t\t<i class=\"fab fa-whatsapp\" aria-hidden=\"true\"><\/i>\t\t\t\t\t\t\t<\/span>\n\t\t\t\t\t\t\t\t\t\t\t\t\t\t\t\t\t\t\t\t<\/div>\n\t\t\t\t\t<\/div>\n\t\t\t\t\t\t\t\t\t<div class=\"elementor-grid-item\" role=\"listitem\">\n\t\t\t\t\t\t<div class=\"elementor-share-btn elementor-share-btn_linkedin\" role=\"button\" tabindex=\"0\" aria-label=\"Share on linkedin\">\n\t\t\t\t\t\t\t\t\t\t\t\t\t\t\t<span class=\"elementor-share-btn__icon\">\n\t\t\t\t\t\t\t\t<i class=\"fab fa-linkedin\" aria-hidden=\"true\"><\/i>\t\t\t\t\t\t\t<\/span>\n\t\t\t\t\t\t\t\t\t\t\t\t\t\t\t\t\t\t\t\t<\/div>\n\t\t\t\t\t<\/div>\n\t\t\t\t\t\t<\/div>\n\t\t\t\t\t\t<\/div>\n\t\t\t\t<\/div>\n\t\t\t\t\t<\/div>\n\t\t<\/div>\n\t\t\t\t\t<\/div>\n\t\t<\/section>\n\t\t\t\t<section class=\"elementor-section elementor-top-section elementor-element elementor-element-97532e0 elementor-section-boxed elementor-section-height-default elementor-section-height-default\" data-id=\"97532e0\" data-element_type=\"section\" data-e-type=\"section\">\n\t\t\t\t\t\t<div class=\"elementor-container elementor-column-gap-default\">\n\t\t\t\t\t<div class=\"elementor-column elementor-col-100 elementor-top-column elementor-element elementor-element-dfa46e9\" data-id=\"dfa46e9\" data-element_type=\"column\" data-e-type=\"column\">\n\t\t\t<div class=\"elementor-widget-wrap elementor-element-populated\">\n\t\t\t\t\t\t<div class=\"elementor-element elementor-element-ca5ee45 elementor-widget__width-initial elementor-widget elementor-widget-text-editor\" data-id=\"ca5ee45\" data-element_type=\"widget\" data-e-type=\"widget\" data-widget_type=\"text-editor.default\">\n\t\t\t\t<div class=\"elementor-widget-container\">\n\t\t\t\t\t\t\t\t\t<p>\u201cCanta Guanent\u00e1\u201d es un proyecto de formaci\u00f3n coral infantil que lidera UNISANGIL gracias a la convocatoria del Programa Nacional de Concertaci\u00f3n Cultural 2020 del Ministerio de Cultura. Este proyecto busca fortalecer el movimiento coral y promover los espacios art\u00edsticos y culturales por medio de la creaci\u00f3n de coros infantiles en los municipios de la provincia.<\/p><p>Con el apoyo pedag\u00f3gico de docentes especializados, se incentiva el talento de m\u00e1s de 70 estudiantes de las tres Instituciones educativas que fueron seleccionadas para la primera fase del proyecto:\u00a0<strong><em>Concentraci\u00f3n de Desarrollo Rural del Valle de San Jos\u00e9; Instituto T\u00e9cnico Isa\u00edas Ardila D\u00edaz del municipio de Mogotes y la Instituci\u00f3n Educativa de Versalles, en la sede principal, Bejaranas y San Pedro del municipio de San Gil<\/em><\/strong>.<\/p><p>La crisis actual que vive el mundo por la contingencia generada por COVID-19, ha llevado a los artistas y al equipo de \u2018Canta Guanent\u00e1\u2019, a aumentar su capacidad creativa y de gesti\u00f3n para continuar trabajando en la producci\u00f3n musical de forma remota desde casa y en mediaci\u00f3n de la tecnolog\u00eda. (<a href=\"http:\/\/cantaguanenta.unisangil.edu.co\/index.php\/clases-en-video\" target=\"_blank\" rel=\"alternate noopener noreferrer\"><strong>conozca las clases en v\u00eddeo aqu\u00ed<\/strong><\/a>).<\/p><p>(Le puede interesar,\u00a0<a href=\"http:\/\/cantaguanenta.unisangil.edu.co\/index.php\/equipo-de-trabajo\" target=\"_blank\" rel=\"alternate noopener noreferrer\"><strong>Equipo de trabajo \u2018Canta Guanent\u00e1<\/strong><\/a>)<\/p><p>Este proceso de formaci\u00f3n que han venido teniendo los estudiantes por m\u00e1s de cuatro meses, conducir\u00e1 a la grabaci\u00f3n de dos obras musicales que ser\u00e1n lanzadas de forma individual por cada uno de los municipios que participan, los d\u00edas 9, 13 y 16 de octubre, respectivamente en el\u00a0<a href=\"https:\/\/cutt.ly\/wyFu0zY\" target=\"_blank\" rel=\"alternate noopener noreferrer\"><strong>Facebook Live de @UNISANGIL<\/strong><\/a>.\u00a0<\/p><p>As\u00ed mismo, las cinco obras realizadas en conjunto con las tres Instituciones educativas, ser\u00e1n transmitidas en vivo durante la Jornada Universitaria de UNISANGIL, con un gran concierto de clausura que tendr\u00e1 lugar el d\u00eda 23 de octubre, v\u00eda streaming por el FanPage de UNISANGIL.<\/p><p>Mediante este proyecto, el Ministerio de Cultura y UNISANGIL, ofrecen una experiencia de formaci\u00f3n integral en \u00e1reas como la interpretaci\u00f3n musical, as\u00ed como en el uso de algunas herramientas necesarias para abordar las nuevas din\u00e1micas de la interacci\u00f3n digital, y formar parte de conciertos online, que permitan adem\u00e1s de abrir un escenario art\u00edstico e integral, fortalecer la formaci\u00f3n digital en las regiones y motivar el crecimiento de la cultura para toda la Provincia de Guanent\u00e1, al respecto se refiri\u00f3\u00a0<strong>Yamileth Giraldo Gonz\u00e1lez, Coordinadora log\u00edstica del proyecto<\/strong>.<\/p>\t\t\t\t\t\t\t\t<\/div>\n\t\t\t\t<\/div>\n\t\t\t\t\t<\/div>\n\t\t<\/div>\n\t\t\t\t\t<\/div>\n\t\t<\/section>\n\t\t\t\t<section class=\"elementor-section elementor-top-section elementor-element elementor-element-f3f7e43 elementor-section-boxed elementor-section-height-default elementor-section-height-default\" data-id=\"f3f7e43\" data-element_type=\"section\" data-e-type=\"section\">\n\t\t\t\t\t\t<div class=\"elementor-container elementor-column-gap-default\">\n\t\t\t\t\t<div class=\"elementor-column elementor-col-100 elementor-top-column elementor-element elementor-element-770d55e\" data-id=\"770d55e\" data-element_type=\"column\" data-e-type=\"column\">\n\t\t\t<div class=\"elementor-widget-wrap elementor-element-populated\">\n\t\t\t\t\t\t<div class=\"elementor-element elementor-element-58087a1 elementor-widget-divider--view-line elementor-widget elementor-widget-divider\" data-id=\"58087a1\" data-element_type=\"widget\" data-e-type=\"widget\" data-widget_type=\"divider.default\">\n\t\t\t\t<div class=\"elementor-widget-container\">\n\t\t\t\t\t\t\t<div class=\"elementor-divider\">\n\t\t\t<span class=\"elementor-divider-separator\">\n\t\t\t\t\t\t<\/span>\n\t\t<\/div>\n\t\t\t\t\t\t<\/div>\n\t\t\t\t<\/div>\n\t\t\t\t\t<\/div>\n\t\t<\/div>\n\t\t\t\t\t<\/div>\n\t\t<\/section>\n\t\t\t\t<section class=\"elementor-section elementor-top-section elementor-element elementor-element-68c3995 elementor-section-boxed elementor-section-height-default elementor-section-height-default\" data-id=\"68c3995\" data-element_type=\"section\" data-e-type=\"section\">\n\t\t\t\t\t\t<div class=\"elementor-container elementor-column-gap-default\">\n\t\t\t\t\t<div class=\"elementor-column elementor-col-100 elementor-top-column elementor-element elementor-element-daba016\" data-id=\"daba016\" data-element_type=\"column\" data-e-type=\"column\">\n\t\t\t<div class=\"elementor-widget-wrap elementor-element-populated\">\n\t\t\t\t\t\t<div class=\"elementor-element elementor-element-ba3b548 elementor-widget elementor-widget-text-editor\" data-id=\"ba3b548\" data-element_type=\"widget\" data-e-type=\"widget\" data-widget_type=\"text-editor.default\">\n\t\t\t\t<div class=\"elementor-widget-container\">\n\t\t\t\t\t\t\t\t\t<p>M\u00e1s noticias<\/p>\t\t\t\t\t\t\t\t<\/div>\n\t\t\t\t<\/div>\n\t\t\t\t\t<\/div>\n\t\t<\/div>\n\t\t\t\t\t<\/div>\n\t\t<\/section>\n\t\t\t\t<section class=\"elementor-section elementor-top-section elementor-element elementor-element-ecf2660 elementor-section-boxed elementor-section-height-default elementor-section-height-default\" data-id=\"ecf2660\" data-element_type=\"section\" data-e-type=\"section\">\n\t\t\t\t\t\t<div class=\"elementor-container elementor-column-gap-default\">\n\t\t\t\t\t<div class=\"elementor-column elementor-col-100 elementor-top-column elementor-element elementor-element-d27d536\" data-id=\"d27d536\" data-element_type=\"column\" data-e-type=\"column\">\n\t\t\t<div class=\"elementor-widget-wrap elementor-element-populated\">\n\t\t\t\t\t\t<div class=\"elementor-element elementor-element-244d5c7 elementor-grid-4 elementor-grid-tablet-2 elementor-grid-mobile-1 elementor-posts--thumbnail-top elementor-widget elementor-widget-posts\" data-id=\"244d5c7\" data-element_type=\"widget\" data-e-type=\"widget\" data-settings=\"{&quot;classic_columns&quot;:&quot;4&quot;,&quot;classic_columns_tablet&quot;:&quot;2&quot;,&quot;classic_columns_mobile&quot;:&quot;1&quot;,&quot;classic_row_gap&quot;:{&quot;unit&quot;:&quot;px&quot;,&quot;size&quot;:35,&quot;sizes&quot;:[]},&quot;classic_row_gap_tablet&quot;:{&quot;unit&quot;:&quot;px&quot;,&quot;size&quot;:&quot;&quot;,&quot;sizes&quot;:[]},&quot;classic_row_gap_mobile&quot;:{&quot;unit&quot;:&quot;px&quot;,&quot;size&quot;:&quot;&quot;,&quot;sizes&quot;:[]}}\" data-widget_type=\"posts.classic\">\n\t\t\t\t<div class=\"elementor-widget-container\">\n\t\t\t\t\t\t\t<div class=\"elementor-posts-container elementor-posts elementor-posts--skin-classic elementor-grid\" role=\"list\">\n\t\t\t\t<article class=\"elementor-post elementor-grid-item post-25188 post type-post status-publish format-standard has-post-thumbnail hentry category-institucional category-investigacion\" role=\"listitem\">\n\t\t\t\t<a class=\"elementor-post__thumbnail__link\" href=\"https:\/\/unisangil.edu.co\/?p=25188\" tabindex=\"-1\" >\n\t\t\t<div class=\"elementor-post__thumbnail\"><img decoding=\"async\" width=\"300\" height=\"117\" src=\"https:\/\/unisangil.edu.co\/wp-content\/uploads\/2026\/04\/TAMANO-PORTADA-NOTICIAS-WEB-1-300x117.jpg\" class=\"attachment-medium size-medium wp-image-25189\" alt=\"\" srcset=\"https:\/\/unisangil.edu.co\/wp-content\/uploads\/2026\/04\/TAMANO-PORTADA-NOTICIAS-WEB-1-300x117.jpg 300w, https:\/\/unisangil.edu.co\/wp-content\/uploads\/2026\/04\/TAMANO-PORTADA-NOTICIAS-WEB-1-1024x400.jpg 1024w, https:\/\/unisangil.edu.co\/wp-content\/uploads\/2026\/04\/TAMANO-PORTADA-NOTICIAS-WEB-1-768x300.jpg 768w, https:\/\/unisangil.edu.co\/wp-content\/uploads\/2026\/04\/TAMANO-PORTADA-NOTICIAS-WEB-1-1536x600.jpg 1536w, https:\/\/unisangil.edu.co\/wp-content\/uploads\/2026\/04\/TAMANO-PORTADA-NOTICIAS-WEB-1-48x19.jpg 48w, https:\/\/unisangil.edu.co\/wp-content\/uploads\/2026\/04\/TAMANO-PORTADA-NOTICIAS-WEB-1.jpg 1920w\" sizes=\"(max-width: 300px) 100vw, 300px\" \/><\/div>\n\t\t<\/a>\n\t\t\t\t<div class=\"elementor-post__text\">\n\t\t\t\t<h3 class=\"elementor-post__title\">\n\t\t\t<a href=\"https:\/\/unisangil.edu.co\/?p=25188\" >\n\t\t\t\tEncuentro Institucional de Semilleros de Investigaci\u00f3n 2026 desarrollado en UNISANGIL\t\t\t<\/a>\n\t\t<\/h3>\n\t\t\t\t<div class=\"elementor-post__excerpt\">\n\t\t\t<p>Encuentro Institucional de Semilleros de Investigaci\u00f3n 2026 desarrollado en UNISANGIL Con la presentaci\u00f3n de 64 proyectos y la participaci\u00f3n de<\/p>\n\t\t<\/div>\n\t\t\n\t\t<a class=\"elementor-post__read-more\" href=\"https:\/\/unisangil.edu.co\/?p=25188\" aria-label=\"Read more about Encuentro Institucional de Semilleros de Investigaci\u00f3n 2026 desarrollado en UNISANGIL\" tabindex=\"-1\" >\n\t\t\tLeer m\u00e1s \u00bb\t\t<\/a>\n\n\t\t\t\t<\/div>\n\t\t\t\t<\/article>\n\t\t\t\t<article class=\"elementor-post elementor-grid-item post-23736 post type-post status-publish format-standard has-post-thumbnail hentry category-institucional category-investigacion\" role=\"listitem\">\n\t\t\t\t<a class=\"elementor-post__thumbnail__link\" href=\"https:\/\/unisangil.edu.co\/?p=23736\" tabindex=\"-1\" >\n\t\t\t<div class=\"elementor-post__thumbnail\"><img decoding=\"async\" width=\"300\" height=\"117\" src=\"https:\/\/unisangil.edu.co\/wp-content\/uploads\/2026\/02\/TAMANO-PORTADA-NOTICIAS-WEB-3-300x117.jpg\" class=\"attachment-medium size-medium wp-image-23737\" alt=\"\" srcset=\"https:\/\/unisangil.edu.co\/wp-content\/uploads\/2026\/02\/TAMANO-PORTADA-NOTICIAS-WEB-3-300x117.jpg 300w, https:\/\/unisangil.edu.co\/wp-content\/uploads\/2026\/02\/TAMANO-PORTADA-NOTICIAS-WEB-3-1024x400.jpg 1024w, https:\/\/unisangil.edu.co\/wp-content\/uploads\/2026\/02\/TAMANO-PORTADA-NOTICIAS-WEB-3-768x300.jpg 768w, https:\/\/unisangil.edu.co\/wp-content\/uploads\/2026\/02\/TAMANO-PORTADA-NOTICIAS-WEB-3-1536x600.jpg 1536w, https:\/\/unisangil.edu.co\/wp-content\/uploads\/2026\/02\/TAMANO-PORTADA-NOTICIAS-WEB-3-48x19.jpg 48w, https:\/\/unisangil.edu.co\/wp-content\/uploads\/2026\/02\/TAMANO-PORTADA-NOTICIAS-WEB-3.jpg 1920w\" sizes=\"(max-width: 300px) 100vw, 300px\" \/><\/div>\n\t\t<\/a>\n\t\t\t\t<div class=\"elementor-post__text\">\n\t\t\t\t<h3 class=\"elementor-post__title\">\n\t\t\t<a href=\"https:\/\/unisangil.edu.co\/?p=23736\" >\n\t\t\t\tExperiencia de joven investigador egresado de UNISANGIL en proyecto financiado por Minciencias\t\t\t<\/a>\n\t\t<\/h3>\n\t\t\t\t<div class=\"elementor-post__excerpt\">\n\t\t\t<p>Experiencia de joven investigador egresado de UNISANGIL en proyecto financiado por Minciencias Desarrollado en el marco del programa \u201cManejo integral<\/p>\n\t\t<\/div>\n\t\t\n\t\t<a class=\"elementor-post__read-more\" href=\"https:\/\/unisangil.edu.co\/?p=23736\" aria-label=\"Read more about Experiencia de joven investigador egresado de UNISANGIL en proyecto financiado por Minciencias\" tabindex=\"-1\" >\n\t\t\tLeer m\u00e1s \u00bb\t\t<\/a>\n\n\t\t\t\t<\/div>\n\t\t\t\t<\/article>\n\t\t\t\t<article class=\"elementor-post elementor-grid-item post-23714 post type-post status-publish format-standard has-post-thumbnail hentry category-institucional category-investigacion\" role=\"listitem\">\n\t\t\t\t<a class=\"elementor-post__thumbnail__link\" href=\"https:\/\/unisangil.edu.co\/?p=23714\" tabindex=\"-1\" >\n\t\t\t<div class=\"elementor-post__thumbnail\"><img loading=\"lazy\" decoding=\"async\" width=\"300\" height=\"117\" src=\"https:\/\/unisangil.edu.co\/wp-content\/uploads\/2026\/02\/TAMANO-PORTADA-NOTICIAS-WEB-1-1-300x117.jpg\" class=\"attachment-medium size-medium wp-image-23715\" alt=\"\" srcset=\"https:\/\/unisangil.edu.co\/wp-content\/uploads\/2026\/02\/TAMANO-PORTADA-NOTICIAS-WEB-1-1-300x117.jpg 300w, https:\/\/unisangil.edu.co\/wp-content\/uploads\/2026\/02\/TAMANO-PORTADA-NOTICIAS-WEB-1-1-1024x400.jpg 1024w, https:\/\/unisangil.edu.co\/wp-content\/uploads\/2026\/02\/TAMANO-PORTADA-NOTICIAS-WEB-1-1-768x300.jpg 768w, https:\/\/unisangil.edu.co\/wp-content\/uploads\/2026\/02\/TAMANO-PORTADA-NOTICIAS-WEB-1-1-1536x600.jpg 1536w, https:\/\/unisangil.edu.co\/wp-content\/uploads\/2026\/02\/TAMANO-PORTADA-NOTICIAS-WEB-1-1-48x19.jpg 48w, https:\/\/unisangil.edu.co\/wp-content\/uploads\/2026\/02\/TAMANO-PORTADA-NOTICIAS-WEB-1-1.jpg 1920w\" sizes=\"(max-width: 300px) 100vw, 300px\" \/><\/div>\n\t\t<\/a>\n\t\t\t\t<div class=\"elementor-post__text\">\n\t\t\t\t<h3 class=\"elementor-post__title\">\n\t\t\t<a href=\"https:\/\/unisangil.edu.co\/?p=23714\" >\n\t\t\t\tExpertos del Campus Iberus visitan UNISANGIL y a comunidades rurales de Aratoca para transferir y fortalecer el turismo sostenible y la bioeconom\u00eda\t\t\t<\/a>\n\t\t<\/h3>\n\t\t\t\t<div class=\"elementor-post__excerpt\">\n\t\t\t<p>Expertos del Campus Iberus visitan UNISANGIL y a comunidades rurales de Aratoca para transferir y fortalecer el turismo sostenible y<\/p>\n\t\t<\/div>\n\t\t\n\t\t<a class=\"elementor-post__read-more\" href=\"https:\/\/unisangil.edu.co\/?p=23714\" aria-label=\"Read more about Expertos del Campus Iberus visitan UNISANGIL y a comunidades rurales de Aratoca para transferir y fortalecer el turismo sostenible y la bioeconom\u00eda\" tabindex=\"-1\" >\n\t\t\tLeer m\u00e1s \u00bb\t\t<\/a>\n\n\t\t\t\t<\/div>\n\t\t\t\t<\/article>\n\t\t\t\t<\/div>\n\t\t\n\t\t\t\t\t\t<\/div>\n\t\t\t\t<\/div>\n\t\t\t\t\t<\/div>\n\t\t<\/div>\n\t\t\t\t\t<\/div>\n\t\t<\/section>\n\t\t\t\t<section class=\"elementor-section elementor-top-section elementor-element elementor-element-4f40744 elementor-section-boxed elementor-section-height-default elementor-section-height-default\" data-id=\"4f40744\" data-element_type=\"section\" data-e-type=\"section\" data-settings=\"{&quot;background_background&quot;:&quot;classic&quot;}\">\n\t\t\t\t\t\t<div class=\"elementor-container elementor-column-gap-default\">\n\t\t\t\t\t<div class=\"elementor-column elementor-col-100 elementor-top-column elementor-element elementor-element-f80ca25\" data-id=\"f80ca25\" data-element_type=\"column\" data-e-type=\"column\">\n\t\t\t<div class=\"elementor-widget-wrap elementor-element-populated\">\n\t\t\t\t\t\t<div class=\"elementor-element elementor-element-ea44dde elementor-position-inline-start elementor-view-default elementor-mobile-position-block-start elementor-widget elementor-widget-icon-box\" data-id=\"ea44dde\" data-element_type=\"widget\" data-e-type=\"widget\" data-widget_type=\"icon-box.default\">\n\t\t\t\t<div class=\"elementor-widget-container\">\n\t\t\t\t\t\t\t<div class=\"elementor-icon-box-wrapper\">\n\n\t\t\t\t\t\t<div class=\"elementor-icon-box-icon\">\n\t\t\t\t<a href=\"https:\/\/hades.unisangil.edu.co\/?page_id=3118\" class=\"elementor-icon\" tabindex=\"-1\" aria-label=\"Archivo  de noticias\">\n\t\t\t\t<i aria-hidden=\"true\" class=\"fas fa-newspaper\"><\/i>\t\t\t\t<\/a>\n\t\t\t<\/div>\n\t\t\t\n\t\t\t\t\t\t<div class=\"elementor-icon-box-content\">\n\n\t\t\t\t\t\t\t\t\t<h3 class=\"elementor-icon-box-title\">\n\t\t\t\t\t\t<a href=\"https:\/\/hades.unisangil.edu.co\/?page_id=3118\" >\n\t\t\t\t\t\t\tArchivo  de noticias\t\t\t\t\t\t<\/a>\n\t\t\t\t\t<\/h3>\n\t\t\t\t\n\t\t\t\t\n\t\t\t<\/div>\n\t\t\t\n\t\t<\/div>\n\t\t\t\t\t\t<\/div>\n\t\t\t\t<\/div>\n\t\t\t\t\t<\/div>\n\t\t<\/div>\n\t\t\t\t\t<\/div>\n\t\t<\/section>\n\t\t\t\t<section class=\"elementor-section elementor-top-section elementor-element elementor-element-ea43e42 elementor-section-boxed elementor-section-height-default elementor-section-height-default\" data-id=\"ea43e42\" data-element_type=\"section\" data-e-type=\"section\">\n\t\t\t\t\t\t<div class=\"elementor-container elementor-column-gap-default\">\n\t\t\t\t\t<div class=\"elementor-column elementor-col-100 elementor-top-column elementor-element elementor-element-f5b459d\" data-id=\"f5b459d\" data-element_type=\"column\" data-e-type=\"column\">\n\t\t\t<div class=\"elementor-widget-wrap elementor-element-populated\">\n\t\t\t\t\t\t<div class=\"elementor-element elementor-element-8df3aff elementor-widget elementor-widget-spacer\" data-id=\"8df3aff\" data-element_type=\"widget\" data-e-type=\"widget\" data-widget_type=\"spacer.default\">\n\t\t\t\t<div class=\"elementor-widget-container\">\n\t\t\t\t\t\t\t<div class=\"elementor-spacer\">\n\t\t\t<div class=\"elementor-spacer-inner\"><\/div>\n\t\t<\/div>\n\t\t\t\t\t\t<\/div>\n\t\t\t\t<\/div>\n\t\t\t\t\t<\/div>\n\t\t<\/div>\n\t\t\t\t\t<\/div>\n\t\t<\/section>\n\t\t\t\t<\/div>\n\t\t","protected":false},"excerpt":{"rendered":"<p>Fotograf\u00eda: Proyecto Canta Guanent\u00e1. El proyecto de formaci\u00f3n coral infantil, \u2018Canta Guanent\u00e1\u2019, beneficia junto con el Ministerio de Cultura a m\u00e1s de 70 estudiantes de la Provincia de Guanent\u00e1 \u201cCanta Guanent\u00e1\u201d es un proyecto de formaci\u00f3n coral infantil que lidera UNISANGIL gracias a la convocatoria del Programa Nacional de Concertaci\u00f3n Cultural 2020 del Ministerio de [&hellip;]<\/p>\n","protected":false},"author":2,"featured_media":7987,"comment_status":"closed","ping_status":"open","sticky":false,"template":"","format":"standard","meta":{"footnotes":""},"categories":[20],"tags":[],"class_list":["post-7986","post","type-post","status-publish","format-standard","has-post-thumbnail","hentry","category-institucional"],"yoast_head":"<!-- This site is optimized with the Yoast SEO plugin v25.6 - https:\/\/yoast.com\/wordpress\/plugins\/seo\/ -->\n<title>El proyecto de formaci\u00f3n coral infantil, \u2018Canta Guanent\u00e1\u2019, beneficia junto con el Ministerio de Cultura a m\u00e1s de 70 estudiantes de la Provincia de Guanent\u00e1 - UNISANGIL<\/title>\n<meta name=\"description\" content=\"\u201cCanta Guanent\u00e1\u201d es un proyecto de formaci\u00f3n coral infantil que lidera UNISANGIL gracias a la convocatoria del Programa Nacional de Concertaci\u00f3n Cultural 2020 del Ministerio de Cultura.\" \/>\n<meta name=\"robots\" content=\"index, follow, max-snippet:-1, max-image-preview:large, max-video-preview:-1\" \/>\n<link rel=\"canonical\" href=\"https:\/\/unisangil.edu.co\/?p=7986\" \/>\n<meta property=\"og:locale\" content=\"es_ES\" \/>\n<meta property=\"og:type\" content=\"article\" \/>\n<meta property=\"og:title\" content=\"El proyecto de formaci\u00f3n coral infantil, \u2018Canta Guanent\u00e1\u2019, beneficia junto con el Ministerio de Cultura a m\u00e1s de 70 estudiantes de la Provincia de Guanent\u00e1 - UNISANGIL\" \/>\n<meta property=\"og:description\" content=\"\u201cCanta Guanent\u00e1\u201d es un proyecto de formaci\u00f3n coral infantil que lidera UNISANGIL gracias a la convocatoria del Programa Nacional de Concertaci\u00f3n Cultural 2020 del Ministerio de Cultura.\" \/>\n<meta property=\"og:url\" content=\"https:\/\/unisangil.edu.co\/?p=7986\" \/>\n<meta property=\"og:site_name\" content=\"UNISANGIL\" \/>\n<meta property=\"article:publisher\" content=\"https:\/\/www.facebook.com\/UNISANGIL\" \/>\n<meta property=\"article:published_time\" content=\"2020-09-28T15:07:10+00:00\" \/>\n<meta property=\"article:modified_time\" content=\"2023-12-12T15:11:50+00:00\" \/>\n<meta property=\"og:image\" content=\"https:\/\/unisangil.edu.co\/wp-content\/uploads\/2023\/12\/not_canta_guanenta.jpg\" \/>\n\t<meta property=\"og:image:width\" content=\"850\" \/>\n\t<meta property=\"og:image:height\" content=\"432\" \/>\n\t<meta property=\"og:image:type\" content=\"image\/jpeg\" \/>\n<meta name=\"author\" content=\"Joham Rodriguez\" \/>\n<meta name=\"twitter:card\" content=\"summary_large_image\" \/>\n<meta name=\"twitter:creator\" content=\"@UNISANGIL\" \/>\n<meta name=\"twitter:site\" content=\"@UNISANGIL\" \/>\n<meta name=\"twitter:label1\" content=\"Escrito por\" \/>\n\t<meta name=\"twitter:data1\" content=\"Joham Rodriguez\" \/>\n\t<meta name=\"twitter:label2\" content=\"Tiempo de lectura\" \/>\n\t<meta name=\"twitter:data2\" content=\"4 minutos\" \/>\n<script type=\"application\/ld+json\" class=\"yoast-schema-graph\">{\"@context\":\"https:\/\/schema.org\",\"@graph\":[{\"@type\":\"Article\",\"@id\":\"https:\/\/unisangil.edu.co\/?p=7986#article\",\"isPartOf\":{\"@id\":\"https:\/\/unisangil.edu.co\/?p=7986\"},\"author\":{\"name\":\"Joham Rodriguez\",\"@id\":\"https:\/\/unisangil.edu.co\/#\/schema\/person\/48a8b8dd11efb85f5593b22a496c35a2\"},\"headline\":\"El proyecto de formaci\u00f3n coral infantil, \u2018Canta Guanent\u00e1\u2019, beneficia junto con el Ministerio de Cultura a m\u00e1s de 70 estudiantes de la Provincia de Guanent\u00e1\",\"datePublished\":\"2020-09-28T15:07:10+00:00\",\"dateModified\":\"2023-12-12T15:11:50+00:00\",\"mainEntityOfPage\":{\"@id\":\"https:\/\/unisangil.edu.co\/?p=7986\"},\"wordCount\":458,\"publisher\":{\"@id\":\"https:\/\/unisangil.edu.co\/#organization\"},\"image\":{\"@id\":\"https:\/\/unisangil.edu.co\/?p=7986#primaryimage\"},\"thumbnailUrl\":\"https:\/\/unisangil.edu.co\/wp-content\/uploads\/2023\/12\/not_canta_guanenta.jpg\",\"articleSection\":[\"Institucional\"],\"inLanguage\":\"es-CO\"},{\"@type\":\"WebPage\",\"@id\":\"https:\/\/unisangil.edu.co\/?p=7986\",\"url\":\"https:\/\/unisangil.edu.co\/?p=7986\",\"name\":\"El proyecto de formaci\u00f3n coral infantil, \u2018Canta Guanent\u00e1\u2019, beneficia junto con el Ministerio de Cultura a m\u00e1s de 70 estudiantes de la Provincia de Guanent\u00e1 - UNISANGIL\",\"isPartOf\":{\"@id\":\"https:\/\/unisangil.edu.co\/#website\"},\"primaryImageOfPage\":{\"@id\":\"https:\/\/unisangil.edu.co\/?p=7986#primaryimage\"},\"image\":{\"@id\":\"https:\/\/unisangil.edu.co\/?p=7986#primaryimage\"},\"thumbnailUrl\":\"https:\/\/unisangil.edu.co\/wp-content\/uploads\/2023\/12\/not_canta_guanenta.jpg\",\"datePublished\":\"2020-09-28T15:07:10+00:00\",\"dateModified\":\"2023-12-12T15:11:50+00:00\",\"description\":\"\u201cCanta Guanent\u00e1\u201d es un proyecto de formaci\u00f3n coral infantil que lidera UNISANGIL gracias a la convocatoria del Programa Nacional de Concertaci\u00f3n Cultural 2020 del Ministerio de Cultura.\",\"breadcrumb\":{\"@id\":\"https:\/\/unisangil.edu.co\/?p=7986#breadcrumb\"},\"inLanguage\":\"es-CO\",\"potentialAction\":[{\"@type\":\"ReadAction\",\"target\":[\"https:\/\/unisangil.edu.co\/?p=7986\"]}]},{\"@type\":\"ImageObject\",\"inLanguage\":\"es-CO\",\"@id\":\"https:\/\/unisangil.edu.co\/?p=7986#primaryimage\",\"url\":\"https:\/\/unisangil.edu.co\/wp-content\/uploads\/2023\/12\/not_canta_guanenta.jpg\",\"contentUrl\":\"https:\/\/unisangil.edu.co\/wp-content\/uploads\/2023\/12\/not_canta_guanenta.jpg\",\"width\":850,\"height\":432},{\"@type\":\"BreadcrumbList\",\"@id\":\"https:\/\/unisangil.edu.co\/?p=7986#breadcrumb\",\"itemListElement\":[{\"@type\":\"ListItem\",\"position\":1,\"name\":\"Inicio\",\"item\":\"https:\/\/unisangil.edu.co\/\"},{\"@type\":\"ListItem\",\"position\":2,\"name\":\"El proyecto de formaci\u00f3n coral infantil, \u2018Canta Guanent\u00e1\u2019, beneficia junto con el Ministerio de Cultura a m\u00e1s de 70 estudiantes de la Provincia de Guanent\u00e1\"}]},{\"@type\":\"WebSite\",\"@id\":\"https:\/\/unisangil.edu.co\/#website\",\"url\":\"https:\/\/unisangil.edu.co\/\",\"name\":\"UNISANGIL\",\"description\":\"Somos una Instituci\u00f3n de educaci\u00f3n superior de origen y acci\u00f3n solidarios que contribuye con el desarrollo de la sociedad en los \u00e1mbitos local y regional\",\"publisher\":{\"@id\":\"https:\/\/unisangil.edu.co\/#organization\"},\"potentialAction\":[{\"@type\":\"SearchAction\",\"target\":{\"@type\":\"EntryPoint\",\"urlTemplate\":\"https:\/\/unisangil.edu.co\/?s={search_term_string}\"},\"query-input\":{\"@type\":\"PropertyValueSpecification\",\"valueRequired\":true,\"valueName\":\"search_term_string\"}}],\"inLanguage\":\"es-CO\"},{\"@type\":\"Organization\",\"@id\":\"https:\/\/unisangil.edu.co\/#organization\",\"name\":\"UNISANGIL\",\"url\":\"https:\/\/unisangil.edu.co\/\",\"logo\":{\"@type\":\"ImageObject\",\"inLanguage\":\"es-CO\",\"@id\":\"https:\/\/unisangil.edu.co\/#\/schema\/logo\/image\/\",\"url\":\"https:\/\/unisangil.edu.co\/wp-content\/uploads\/2023\/06\/LOGO-UNISANGIL-WEB-1-2.png\",\"contentUrl\":\"https:\/\/unisangil.edu.co\/wp-content\/uploads\/2023\/06\/LOGO-UNISANGIL-WEB-1-2.png\",\"width\":1250,\"height\":1250,\"caption\":\"UNISANGIL\"},\"image\":{\"@id\":\"https:\/\/unisangil.edu.co\/#\/schema\/logo\/image\/\"},\"sameAs\":[\"https:\/\/www.facebook.com\/UNISANGIL\",\"https:\/\/x.com\/UNISANGIL\"]},{\"@type\":\"Person\",\"@id\":\"https:\/\/unisangil.edu.co\/#\/schema\/person\/48a8b8dd11efb85f5593b22a496c35a2\",\"name\":\"Joham Rodriguez\",\"url\":\"https:\/\/unisangil.edu.co\/?author=2\"}]}<\/script>\n<!-- \/ Yoast SEO plugin. -->","yoast_head_json":{"title":"El proyecto de formaci\u00f3n coral infantil, \u2018Canta Guanent\u00e1\u2019, beneficia junto con el Ministerio de Cultura a m\u00e1s de 70 estudiantes de la Provincia de Guanent\u00e1 - UNISANGIL","description":"\u201cCanta Guanent\u00e1\u201d es un proyecto de formaci\u00f3n coral infantil que lidera UNISANGIL gracias a la convocatoria del Programa Nacional de Concertaci\u00f3n Cultural 2020 del Ministerio de Cultura.","robots":{"index":"index","follow":"follow","max-snippet":"max-snippet:-1","max-image-preview":"max-image-preview:large","max-video-preview":"max-video-preview:-1"},"canonical":"https:\/\/unisangil.edu.co\/?p=7986","og_locale":"es_ES","og_type":"article","og_title":"El proyecto de formaci\u00f3n coral infantil, \u2018Canta Guanent\u00e1\u2019, beneficia junto con el Ministerio de Cultura a m\u00e1s de 70 estudiantes de la Provincia de Guanent\u00e1 - UNISANGIL","og_description":"\u201cCanta Guanent\u00e1\u201d es un proyecto de formaci\u00f3n coral infantil que lidera UNISANGIL gracias a la convocatoria del Programa Nacional de Concertaci\u00f3n Cultural 2020 del Ministerio de Cultura.","og_url":"https:\/\/unisangil.edu.co\/?p=7986","og_site_name":"UNISANGIL","article_publisher":"https:\/\/www.facebook.com\/UNISANGIL","article_published_time":"2020-09-28T15:07:10+00:00","article_modified_time":"2023-12-12T15:11:50+00:00","og_image":[{"width":850,"height":432,"url":"https:\/\/unisangil.edu.co\/wp-content\/uploads\/2023\/12\/not_canta_guanenta.jpg","type":"image\/jpeg"}],"author":"Joham Rodriguez","twitter_card":"summary_large_image","twitter_creator":"@UNISANGIL","twitter_site":"@UNISANGIL","twitter_misc":{"Escrito por":"Joham Rodriguez","Tiempo de lectura":"4 minutos"},"schema":{"@context":"https:\/\/schema.org","@graph":[{"@type":"Article","@id":"https:\/\/unisangil.edu.co\/?p=7986#article","isPartOf":{"@id":"https:\/\/unisangil.edu.co\/?p=7986"},"author":{"name":"Joham Rodriguez","@id":"https:\/\/unisangil.edu.co\/#\/schema\/person\/48a8b8dd11efb85f5593b22a496c35a2"},"headline":"El proyecto de formaci\u00f3n coral infantil, \u2018Canta Guanent\u00e1\u2019, beneficia junto con el Ministerio de Cultura a m\u00e1s de 70 estudiantes de la Provincia de Guanent\u00e1","datePublished":"2020-09-28T15:07:10+00:00","dateModified":"2023-12-12T15:11:50+00:00","mainEntityOfPage":{"@id":"https:\/\/unisangil.edu.co\/?p=7986"},"wordCount":458,"publisher":{"@id":"https:\/\/unisangil.edu.co\/#organization"},"image":{"@id":"https:\/\/unisangil.edu.co\/?p=7986#primaryimage"},"thumbnailUrl":"https:\/\/unisangil.edu.co\/wp-content\/uploads\/2023\/12\/not_canta_guanenta.jpg","articleSection":["Institucional"],"inLanguage":"es-CO"},{"@type":"WebPage","@id":"https:\/\/unisangil.edu.co\/?p=7986","url":"https:\/\/unisangil.edu.co\/?p=7986","name":"El proyecto de formaci\u00f3n coral infantil, \u2018Canta Guanent\u00e1\u2019, beneficia junto con el Ministerio de Cultura a m\u00e1s de 70 estudiantes de la Provincia de Guanent\u00e1 - UNISANGIL","isPartOf":{"@id":"https:\/\/unisangil.edu.co\/#website"},"primaryImageOfPage":{"@id":"https:\/\/unisangil.edu.co\/?p=7986#primaryimage"},"image":{"@id":"https:\/\/unisangil.edu.co\/?p=7986#primaryimage"},"thumbnailUrl":"https:\/\/unisangil.edu.co\/wp-content\/uploads\/2023\/12\/not_canta_guanenta.jpg","datePublished":"2020-09-28T15:07:10+00:00","dateModified":"2023-12-12T15:11:50+00:00","description":"\u201cCanta Guanent\u00e1\u201d es un proyecto de formaci\u00f3n coral infantil que lidera UNISANGIL gracias a la convocatoria del Programa Nacional de Concertaci\u00f3n Cultural 2020 del Ministerio de Cultura.","breadcrumb":{"@id":"https:\/\/unisangil.edu.co\/?p=7986#breadcrumb"},"inLanguage":"es-CO","potentialAction":[{"@type":"ReadAction","target":["https:\/\/unisangil.edu.co\/?p=7986"]}]},{"@type":"ImageObject","inLanguage":"es-CO","@id":"https:\/\/unisangil.edu.co\/?p=7986#primaryimage","url":"https:\/\/unisangil.edu.co\/wp-content\/uploads\/2023\/12\/not_canta_guanenta.jpg","contentUrl":"https:\/\/unisangil.edu.co\/wp-content\/uploads\/2023\/12\/not_canta_guanenta.jpg","width":850,"height":432},{"@type":"BreadcrumbList","@id":"https:\/\/unisangil.edu.co\/?p=7986#breadcrumb","itemListElement":[{"@type":"ListItem","position":1,"name":"Inicio","item":"https:\/\/unisangil.edu.co\/"},{"@type":"ListItem","position":2,"name":"El proyecto de formaci\u00f3n coral infantil, \u2018Canta Guanent\u00e1\u2019, beneficia junto con el Ministerio de Cultura a m\u00e1s de 70 estudiantes de la Provincia de Guanent\u00e1"}]},{"@type":"WebSite","@id":"https:\/\/unisangil.edu.co\/#website","url":"https:\/\/unisangil.edu.co\/","name":"UNISANGIL","description":"Somos una Instituci\u00f3n de educaci\u00f3n superior de origen y acci\u00f3n solidarios que contribuye con el desarrollo de la sociedad en los \u00e1mbitos local y regional","publisher":{"@id":"https:\/\/unisangil.edu.co\/#organization"},"potentialAction":[{"@type":"SearchAction","target":{"@type":"EntryPoint","urlTemplate":"https:\/\/unisangil.edu.co\/?s={search_term_string}"},"query-input":{"@type":"PropertyValueSpecification","valueRequired":true,"valueName":"search_term_string"}}],"inLanguage":"es-CO"},{"@type":"Organization","@id":"https:\/\/unisangil.edu.co\/#organization","name":"UNISANGIL","url":"https:\/\/unisangil.edu.co\/","logo":{"@type":"ImageObject","inLanguage":"es-CO","@id":"https:\/\/unisangil.edu.co\/#\/schema\/logo\/image\/","url":"https:\/\/unisangil.edu.co\/wp-content\/uploads\/2023\/06\/LOGO-UNISANGIL-WEB-1-2.png","contentUrl":"https:\/\/unisangil.edu.co\/wp-content\/uploads\/2023\/06\/LOGO-UNISANGIL-WEB-1-2.png","width":1250,"height":1250,"caption":"UNISANGIL"},"image":{"@id":"https:\/\/unisangil.edu.co\/#\/schema\/logo\/image\/"},"sameAs":["https:\/\/www.facebook.com\/UNISANGIL","https:\/\/x.com\/UNISANGIL"]},{"@type":"Person","@id":"https:\/\/unisangil.edu.co\/#\/schema\/person\/48a8b8dd11efb85f5593b22a496c35a2","name":"Joham Rodriguez","url":"https:\/\/unisangil.edu.co\/?author=2"}]}},"_links":{"self":[{"href":"https:\/\/unisangil.edu.co\/index.php?rest_route=\/wp\/v2\/posts\/7986"}],"collection":[{"href":"https:\/\/unisangil.edu.co\/index.php?rest_route=\/wp\/v2\/posts"}],"about":[{"href":"https:\/\/unisangil.edu.co\/index.php?rest_route=\/wp\/v2\/types\/post"}],"author":[{"embeddable":true,"href":"https:\/\/unisangil.edu.co\/index.php?rest_route=\/wp\/v2\/users\/2"}],"replies":[{"embeddable":true,"href":"https:\/\/unisangil.edu.co\/index.php?rest_route=%2Fwp%2Fv2%2Fcomments&post=7986"}],"version-history":[{"count":4,"href":"https:\/\/unisangil.edu.co\/index.php?rest_route=\/wp\/v2\/posts\/7986\/revisions"}],"predecessor-version":[{"id":7991,"href":"https:\/\/unisangil.edu.co\/index.php?rest_route=\/wp\/v2\/posts\/7986\/revisions\/7991"}],"wp:featuredmedia":[{"embeddable":true,"href":"https:\/\/unisangil.edu.co\/index.php?rest_route=\/wp\/v2\/media\/7987"}],"wp:attachment":[{"href":"https:\/\/unisangil.edu.co\/index.php?rest_route=%2Fwp%2Fv2%2Fmedia&parent=7986"}],"wp:term":[{"taxonomy":"category","embeddable":true,"href":"https:\/\/unisangil.edu.co\/index.php?rest_route=%2Fwp%2Fv2%2Fcategories&post=7986"},{"taxonomy":"post_tag","embeddable":true,"href":"https:\/\/unisangil.edu.co\/index.php?rest_route=%2Fwp%2Fv2%2Ftags&post=7986"}],"curies":[{"name":"wp","href":"https:\/\/api.w.org\/{rel}","templated":true}]}}