{"id":7971,"date":"2020-10-17T10:00:05","date_gmt":"2020-10-17T15:00:05","guid":{"rendered":"https:\/\/hades.unisangil.edu.co\/?p=7971"},"modified":"2023-12-12T10:01:49","modified_gmt":"2023-12-12T15:01:49","slug":"mineducacion-renovo-acreditacion-de-alta-calidad-al-programa-de-administracion-de-empresas-sede-san-gil-por-cuatro-anos-mas","status":"publish","type":"post","link":"https:\/\/unisangil.edu.co\/?p=7971","title":{"rendered":"MINEDUCACI\u00d3N renov\u00f3 Acreditaci\u00f3n de Alta Calidad al Programa de Administraci\u00f3n de Empresas, sede San Gil, por cuatro a\u00f1os m\u00e1s"},"content":{"rendered":"\t\t<div data-elementor-type=\"wp-post\" data-elementor-id=\"7971\" class=\"elementor elementor-7971\" data-elementor-post-type=\"post\">\n\t\t\t\t\t\t<section class=\"elementor-section elementor-top-section elementor-element elementor-element-01b0c98 elementor-section-boxed elementor-section-height-default elementor-section-height-default\" data-id=\"01b0c98\" data-element_type=\"section\" data-e-type=\"section\">\n\t\t\t\t\t\t<div class=\"elementor-container elementor-column-gap-default\">\n\t\t\t\t\t<div class=\"elementor-column elementor-col-100 elementor-top-column elementor-element elementor-element-f6bc6dc\" data-id=\"f6bc6dc\" data-element_type=\"column\" data-e-type=\"column\">\n\t\t\t<div class=\"elementor-widget-wrap elementor-element-populated\">\n\t\t\t\t\t\t\t<\/div>\n\t\t<\/div>\n\t\t\t\t\t<\/div>\n\t\t<\/section>\n\t\t\t\t<section class=\"elementor-section elementor-top-section elementor-element elementor-element-a415db0 elementor-section-boxed elementor-section-height-default elementor-section-height-default\" data-id=\"a415db0\" data-element_type=\"section\" data-e-type=\"section\">\n\t\t\t\t\t\t<div class=\"elementor-container elementor-column-gap-default\">\n\t\t\t\t\t<div class=\"elementor-column elementor-col-100 elementor-top-column elementor-element elementor-element-8ad9a92\" data-id=\"8ad9a92\" data-element_type=\"column\" data-e-type=\"column\">\n\t\t\t<div class=\"elementor-widget-wrap elementor-element-populated\">\n\t\t\t\t\t\t<div class=\"elementor-element elementor-element-f2c178d elementor-widget elementor-widget-image\" data-id=\"f2c178d\" data-element_type=\"widget\" data-e-type=\"widget\" data-widget_type=\"image.default\">\n\t\t\t\t<div class=\"elementor-widget-container\">\n\t\t\t\t\t\t\t\t\t\t\t\t\t\t\t<img fetchpriority=\"high\" decoding=\"async\" width=\"768\" height=\"390\" src=\"https:\/\/unisangil.edu.co\/wp-content\/uploads\/2023\/12\/not_admon_men-768x390.jpg\" class=\"attachment-medium_large size-medium_large wp-image-7972\" alt=\"\" srcset=\"https:\/\/unisangil.edu.co\/wp-content\/uploads\/2023\/12\/not_admon_men-768x390.jpg 768w, https:\/\/unisangil.edu.co\/wp-content\/uploads\/2023\/12\/not_admon_men-300x152.jpg 300w, https:\/\/unisangil.edu.co\/wp-content\/uploads\/2023\/12\/not_admon_men-48x24.jpg 48w, https:\/\/unisangil.edu.co\/wp-content\/uploads\/2023\/12\/not_admon_men.jpg 850w\" sizes=\"(max-width: 768px) 100vw, 768px\" \/>\t\t\t\t\t\t\t\t\t\t\t\t\t\t\t<\/div>\n\t\t\t\t<\/div>\n\t\t\t\t\t<\/div>\n\t\t<\/div>\n\t\t\t\t\t<\/div>\n\t\t<\/section>\n\t\t<div class=\"elementor-element elementor-element-126401b e-flex e-con-boxed e-con e-parent\" data-id=\"126401b\" data-element_type=\"container\" data-e-type=\"container\">\n\t\t\t\t\t<div class=\"e-con-inner\">\n\t\t\t\t<div class=\"elementor-element elementor-element-b014b3e elementor-widget elementor-widget-text-editor\" data-id=\"b014b3e\" data-element_type=\"widget\" data-e-type=\"widget\" data-widget_type=\"text-editor.default\">\n\t\t\t\t<div class=\"elementor-widget-container\">\n\t\t\t\t\t\t\t\t\t<p>El Programa de Administraci\u00f3n de Empresas, sede San Gil es de Alta Calidad . Fotograf\u00eda: Oficina de Comunicaciones UNISANGIL.<\/p>\t\t\t\t\t\t\t\t<\/div>\n\t\t\t\t<\/div>\n\t\t\t\t\t<\/div>\n\t\t\t\t<\/div>\n\t\t\t\t<section class=\"elementor-section elementor-top-section elementor-element elementor-element-4f6d06c elementor-section-full_width elementor-section-height-default elementor-section-height-default\" data-id=\"4f6d06c\" data-element_type=\"section\" data-e-type=\"section\">\n\t\t\t\t\t\t<div class=\"elementor-container elementor-column-gap-default\">\n\t\t\t\t\t<div class=\"elementor-column elementor-col-100 elementor-top-column elementor-element elementor-element-4ec8630\" data-id=\"4ec8630\" data-element_type=\"column\" data-e-type=\"column\">\n\t\t\t<div class=\"elementor-widget-wrap elementor-element-populated\">\n\t\t\t\t\t\t<div class=\"elementor-element elementor-element-fc60372 eael-dual-header-content-align-center elementor-widget elementor-widget-eael-dual-color-header\" data-id=\"fc60372\" data-element_type=\"widget\" data-e-type=\"widget\" data-widget_type=\"eael-dual-color-header.default\">\n\t\t\t\t<div class=\"elementor-widget-container\">\n\t\t\t\t\t\t\t\t<div class=\"eael-dual-header\">\n\t\t\t\t<h6 class=\"title eael-dch-title\"><span class=\"eael-dch-title-text eael-dch-title-lead lead solid-color\">MINEDUCACI\u00d3N renov\u00f3 Acreditaci\u00f3n de Alta Calidad al Programa de Administraci\u00f3n de Empresas, sede San Gil, por cuatro a\u00f1os m\u00e1s<\/span> <span class=\"eael-dch-title-text\"><\/span><\/h6><div class=\"eael-dch-separator-wrap\"><span class=\"separator-one\"><\/span>\n\t\t\t<span class=\"separator-two\"><\/span><\/div>\t\t\t\t\t<span class=\"eael-dch-svg-icon\"><\/span>\t\t\t\t\t\t\t<\/div>\n\n\t\t\t\t\t\t<\/div>\n\t\t\t\t<\/div>\n\t\t\t\t<div class=\"elementor-element elementor-element-a177242 elementor-share-buttons--view-icon elementor-share-buttons--skin-flat elementor-share-buttons--shape-circle elementor-grid-0 elementor-share-buttons--color-official elementor-widget elementor-widget-share-buttons\" data-id=\"a177242\" data-element_type=\"widget\" data-e-type=\"widget\" data-widget_type=\"share-buttons.default\">\n\t\t\t\t<div class=\"elementor-widget-container\">\n\t\t\t\t\t\t\t<div class=\"elementor-grid\" role=\"list\">\n\t\t\t\t\t\t\t\t<div class=\"elementor-grid-item\" role=\"listitem\">\n\t\t\t\t\t\t<div class=\"elementor-share-btn elementor-share-btn_facebook\" role=\"button\" tabindex=\"0\" aria-label=\"Share on facebook\">\n\t\t\t\t\t\t\t\t\t\t\t\t\t\t\t<span class=\"elementor-share-btn__icon\">\n\t\t\t\t\t\t\t\t<i class=\"fab fa-facebook\" aria-hidden=\"true\"><\/i>\t\t\t\t\t\t\t<\/span>\n\t\t\t\t\t\t\t\t\t\t\t\t\t\t\t\t\t\t\t\t<\/div>\n\t\t\t\t\t<\/div>\n\t\t\t\t\t\t\t\t\t<div class=\"elementor-grid-item\" role=\"listitem\">\n\t\t\t\t\t\t<div class=\"elementor-share-btn elementor-share-btn_twitter\" role=\"button\" tabindex=\"0\" aria-label=\"Share on twitter\">\n\t\t\t\t\t\t\t\t\t\t\t\t\t\t\t<span class=\"elementor-share-btn__icon\">\n\t\t\t\t\t\t\t\t<i class=\"fab fa-twitter\" aria-hidden=\"true\"><\/i>\t\t\t\t\t\t\t<\/span>\n\t\t\t\t\t\t\t\t\t\t\t\t\t\t\t\t\t\t\t\t<\/div>\n\t\t\t\t\t<\/div>\n\t\t\t\t\t\t\t\t\t<div class=\"elementor-grid-item\" role=\"listitem\">\n\t\t\t\t\t\t<div class=\"elementor-share-btn elementor-share-btn_whatsapp\" role=\"button\" tabindex=\"0\" aria-label=\"Share on whatsapp\">\n\t\t\t\t\t\t\t\t\t\t\t\t\t\t\t<span class=\"elementor-share-btn__icon\">\n\t\t\t\t\t\t\t\t<i class=\"fab fa-whatsapp\" aria-hidden=\"true\"><\/i>\t\t\t\t\t\t\t<\/span>\n\t\t\t\t\t\t\t\t\t\t\t\t\t\t\t\t\t\t\t\t<\/div>\n\t\t\t\t\t<\/div>\n\t\t\t\t\t\t\t\t\t<div class=\"elementor-grid-item\" role=\"listitem\">\n\t\t\t\t\t\t<div class=\"elementor-share-btn elementor-share-btn_linkedin\" role=\"button\" tabindex=\"0\" aria-label=\"Share on linkedin\">\n\t\t\t\t\t\t\t\t\t\t\t\t\t\t\t<span class=\"elementor-share-btn__icon\">\n\t\t\t\t\t\t\t\t<i class=\"fab fa-linkedin\" aria-hidden=\"true\"><\/i>\t\t\t\t\t\t\t<\/span>\n\t\t\t\t\t\t\t\t\t\t\t\t\t\t\t\t\t\t\t\t<\/div>\n\t\t\t\t\t<\/div>\n\t\t\t\t\t\t<\/div>\n\t\t\t\t\t\t<\/div>\n\t\t\t\t<\/div>\n\t\t\t\t\t<\/div>\n\t\t<\/div>\n\t\t\t\t\t<\/div>\n\t\t<\/section>\n\t\t\t\t<section class=\"elementor-section elementor-top-section elementor-element elementor-element-97532e0 elementor-section-boxed elementor-section-height-default elementor-section-height-default\" data-id=\"97532e0\" data-element_type=\"section\" data-e-type=\"section\">\n\t\t\t\t\t\t<div class=\"elementor-container elementor-column-gap-default\">\n\t\t\t\t\t<div class=\"elementor-column elementor-col-100 elementor-top-column elementor-element elementor-element-dfa46e9\" data-id=\"dfa46e9\" data-element_type=\"column\" data-e-type=\"column\">\n\t\t\t<div class=\"elementor-widget-wrap elementor-element-populated\">\n\t\t\t\t\t\t<div class=\"elementor-element elementor-element-ca5ee45 elementor-widget__width-initial elementor-widget elementor-widget-text-editor\" data-id=\"ca5ee45\" data-element_type=\"widget\" data-e-type=\"widget\" data-widget_type=\"text-editor.default\">\n\t\t\t\t<div class=\"elementor-widget-container\">\n\t\t\t\t\t\t\t\t\t<p>El Programa de Administraci\u00f3n de Empresas de UNISANGIL sede San Gil, es pionero a nivel Multicampus, en ser Acreditado en Alta Calidad, pues todo comenz\u00f3 en el 2009 cuando ingres\u00f3 al Sistema Nacional de Acreditaci\u00f3n, logrando en el 2011 su primer reconocimiento; esto quiere decir, que el pr\u00f3ximo a\u00f1o UNISANGIL cumple 10 a\u00f1os de haber recibido su Acreditaci\u00f3n.<\/p><p>Sumado a esta trayectoria, el Ministerio de Educaci\u00f3n Nacional (MEN), renov\u00f3 por un periodo de cuatro a\u00f1os, hasta septiembre de 2024, la Acreditaci\u00f3n en Alta Calidad para su Programa de Administraci\u00f3n de Empresas, Sede San Gil.<\/p><p>De este logro, se han derivado procesos de acreditaci\u00f3n formales, como el del Programa de Contadur\u00eda P\u00fablica de la Sede San Gil y los procesos que se vienen adelantando actualmente con el Programa de Gesti\u00f3n de Empresas de Econom\u00eda Solidaria SNIES 19470 Sede San Gil, Administraci\u00f3n de Empresas, SNIES 53406 y Contadur\u00eda P\u00fablica SNIES 5394, los dos \u00faltimos, de la Sede en Yopal.<\/p><p>Al respecto, Gustavo Adolfo Jim\u00e9nez Silva, Decano de la Facultad de Ciencias Econ\u00f3micas y Administrativas de UNISANGIL, manifest\u00f3 que el Ministerio de Educaci\u00f3n Nacional, reconoci\u00f3 en este proceso de renovaci\u00f3n de la Acreditaci\u00f3n, fortalezas como:<\/p><p><strong><em>-El programa de Administraci6n de Empresas de UNISANGIL, durante sus 25 a\u00f1os de existencia, ha formado profesionales id\u00f3neos que han aportado, desde su ejercicio profesional al desarrollo de la regi\u00f3n, lo cual le ha permitido obtener el reconocimiento de la comunidad y la obtenci6n de 2 acreditaciones de alta calidad. La primera en el a\u00f1o 2011 y la segunda en el 2015; en un proceso de mejora permanente que atiende a las recomendaciones realizadas<\/em><\/strong>.<\/p><p><strong><em>-La misi\u00f3n y visi\u00f3n del Programa son coherentes con los postulados institucionales, el programa declara expl\u00edcitamente los perfiles de ingreso y egreso, enuncia claramente su \u00e9nfasis y elementos diferenciadores, los cuales son valorados y reconocidos par la comunidad acad\u00e9mica del programa y los empresarios de la Regi\u00f3n<\/em><\/strong>.<\/p><p><strong><em>-El Programa ha aplicado una serie de estrategias orientadas a prevenir la deserci\u00f3n que le han permitido tener un porcentaje del 12,94%, por debajo de la media nacional de 15,44%, atendiendo as\u00ed a una de las oportunidades de mejora se\u00f1aladas en su \u00faltima acreditaci\u00f3n<\/em><\/strong>.<\/p><p><strong><em>-En el Programa se establece el cupo de estudiantes a matricular, de acuerdo con la capacidad institucional. A segundo semestre de 2019 el programa tiene 156 estudiantes y 26 docentes de planta, lo que genera una relaci\u00f3n de 1 docente por cada 6 estudiantes<\/em><\/strong>.<\/p><p><strong><em>-El Programa cuenta con una planta profesoral de 26 docentes con formaci\u00f3n multidisciplinaria como administradores, economistas, ingenieros. A nivel de formaci\u00f3n posgradual. cuentan con 3 doctores, 5 magister y 18 especialistas. Esta relaci\u00f3n demuestra el compromiso institucional con la cualificaci\u00f3n de su planta profesoral y el cumplimiento de las recomendaciones realizadas en la \u00faltima acreditaci\u00f3n, relacionadas con el avance en la formaci\u00f3n posgradual de sus docentes y generar un sistema de remuneraci\u00f3n por m\u00e9ritos, aspecto reconocido como factor de satisfacci\u00f3n por parte de los docentes del programa<\/em><\/strong>.<\/p><p><strong><em>-El grupo de investigaci\u00f3n del Programa se denomina IDCEA- Investigaci\u00f3n y Desarrollo en Ciencias Econ\u00f3micas, Administrativas, Contables y Tur\u00edsticas de San Gil, categorizado por Minciencias en B, cuenta con 6 semilleros de investigaci\u00f3n y 42 estudiantes. Los productos de docentes investigadores y estudiantes logrados a trav\u00e9s de los grupos de\u00a0\u00a0 investigaci\u00f3n y semilleros, al a\u00f1o 2018 son 68 productos para una relaci\u00f3n de 0,8 productos profesor por a\u00f1o. Es destacable la realizaci\u00f3n de proyectos conjuntos entre los grupos de investigaci\u00f3n de las sedes de San Gil y Yopal<\/em><\/strong>.<\/p><p><strong><em>-El Programa, atendiendo a las recomendaciones dadas en la \u00faltima acreditaci\u00f3n, ha incrementado su participaci\u00f3n en asociaciones y redes acad\u00e9micas como ASCOLFA, UNIRED, RENATA, RED\u00a0\u00a0 CLARA, REDCOLSI, ACAC, UNICOSOL, UNIRCOOP, CIRIEC COLOMBIA, Asociaci\u00f3n Latinoamericana de Facultades y Escuelas de Contadur\u00eda y Administraci\u00f3n (ALAFEC), CPAE, RIACO, RED\u00a0\u00a0 EMPRENDESUR.\u00a0 Cuenta con 39 convenios (21 nacionales y 18 internacionales) para el desarrollo de pr\u00e1cticas, movilidad en doble v\u00eda, procesos de cooperaci\u00f3n y capacitaci\u00f3n docente, en los cuales han participado 250 miembros de la comunidad acad\u00e9mica del Programa y 53 docentes y conferencistas visitantes<\/em><\/strong>.<\/p><p><strong><em>-Las pol\u00edticas, programas y servicios en materia de extensi\u00f3n y proyecci\u00f3n social del Programa, contribuyen al desarrollo y crecimiento econ\u00f3mico de la Regi\u00f3n, materializado en la labor de asesor\u00eda, apoyo y acompa\u00f1amiento al sector empresarial; el fomento de la investigaci\u00f3n, el emprendimiento y la innovaci\u00f3n, la inserci\u00f3n en el contexto regional, a trav\u00e9s de la articulaci\u00f3n Universidad, Empresa, Estado, Sociedad civil<\/em><\/strong>.<\/p><p><strong><em>-El Programa tiene 20 cohortes, 536 egresados, el 51% labora en el \u00e1rea de Direcci\u00f3n y Gerencia, el 18% en ocupaciones relacionadas con Finanzas y Administraci\u00f3n, 10% en ventas y Servicios, 5% en ocupaciones relacionadas con Arte, cultura y esparcimiento, entre otros. Los empresarios reconocen el desarrollo alcanzado por San Gil durante los \u00faltimos a\u00f1os gracias a la influencia positiva de la Universidad y especialmente, de los egresados del Programa de Administraci\u00f3n de Empresas<\/em><\/strong>.<\/p><p><strong><em>-En relaci\u00f3n con la inversi\u00f3n en nuevos medios educativos del Programa, en el 2019 se realiz\u00f3 la apertura de tres nuevos espacios, al servicio de los estudiantes, profesores, egresados, empresarios y de la comunidad en general, los cuales son coordinados por la Facultad de Ciencias Econ\u00f3micas y Administrativas: el Consultorio Empresarial, el N\u00facleo de Apoyo Contable y Fiscal &#8211; NAF, y el Punto de la Balsa de Valores de Colombia<\/em><\/strong>.<\/p><p>Por otro lado, esta acreditaci\u00f3n se convierte en uno de los pasos que la Instituci\u00f3n tiene en la mira, referente a la Acreditaci\u00f3n Internacional de sus programas, la cual se basa en unos est\u00e1ndares y evaluaci\u00f3n similares a los de este proceso. Tambi\u00e9n es importante mencionar que el Programa de Administraci\u00f3n de Empresas de UNISANGIL, sede San Gil, se encuentra entre los siete Programas de esta l\u00ednea, acreditados en el departamento de Santander.<\/p><p>Este importante logro, es la suma del compromiso institucional reflejado en este reconocimiento a nivel nacional. Felicitamos a todo el equipo humano de UNISANGIL que hizo parte del proceso.<\/p>\t\t\t\t\t\t\t\t<\/div>\n\t\t\t\t<\/div>\n\t\t\t\t\t<\/div>\n\t\t<\/div>\n\t\t\t\t\t<\/div>\n\t\t<\/section>\n\t\t\t\t<section class=\"elementor-section elementor-top-section elementor-element elementor-element-f3f7e43 elementor-section-boxed elementor-section-height-default elementor-section-height-default\" data-id=\"f3f7e43\" data-element_type=\"section\" data-e-type=\"section\">\n\t\t\t\t\t\t<div class=\"elementor-container elementor-column-gap-default\">\n\t\t\t\t\t<div class=\"elementor-column elementor-col-100 elementor-top-column elementor-element elementor-element-770d55e\" data-id=\"770d55e\" data-element_type=\"column\" data-e-type=\"column\">\n\t\t\t<div class=\"elementor-widget-wrap elementor-element-populated\">\n\t\t\t\t\t\t<div class=\"elementor-element elementor-element-58087a1 elementor-widget-divider--view-line elementor-widget elementor-widget-divider\" data-id=\"58087a1\" data-element_type=\"widget\" data-e-type=\"widget\" data-widget_type=\"divider.default\">\n\t\t\t\t<div class=\"elementor-widget-container\">\n\t\t\t\t\t\t\t<div class=\"elementor-divider\">\n\t\t\t<span class=\"elementor-divider-separator\">\n\t\t\t\t\t\t<\/span>\n\t\t<\/div>\n\t\t\t\t\t\t<\/div>\n\t\t\t\t<\/div>\n\t\t\t\t\t<\/div>\n\t\t<\/div>\n\t\t\t\t\t<\/div>\n\t\t<\/section>\n\t\t\t\t<section class=\"elementor-section elementor-top-section elementor-element elementor-element-68c3995 elementor-section-boxed elementor-section-height-default elementor-section-height-default\" data-id=\"68c3995\" data-element_type=\"section\" data-e-type=\"section\">\n\t\t\t\t\t\t<div class=\"elementor-container elementor-column-gap-default\">\n\t\t\t\t\t<div class=\"elementor-column elementor-col-100 elementor-top-column elementor-element elementor-element-daba016\" data-id=\"daba016\" data-element_type=\"column\" data-e-type=\"column\">\n\t\t\t<div class=\"elementor-widget-wrap elementor-element-populated\">\n\t\t\t\t\t\t<div class=\"elementor-element elementor-element-ba3b548 elementor-widget elementor-widget-text-editor\" data-id=\"ba3b548\" data-element_type=\"widget\" data-e-type=\"widget\" data-widget_type=\"text-editor.default\">\n\t\t\t\t<div class=\"elementor-widget-container\">\n\t\t\t\t\t\t\t\t\t<p>M\u00e1s noticias<\/p>\t\t\t\t\t\t\t\t<\/div>\n\t\t\t\t<\/div>\n\t\t\t\t\t<\/div>\n\t\t<\/div>\n\t\t\t\t\t<\/div>\n\t\t<\/section>\n\t\t\t\t<section class=\"elementor-section elementor-top-section elementor-element elementor-element-ecf2660 elementor-section-boxed elementor-section-height-default elementor-section-height-default\" data-id=\"ecf2660\" data-element_type=\"section\" data-e-type=\"section\">\n\t\t\t\t\t\t<div class=\"elementor-container elementor-column-gap-default\">\n\t\t\t\t\t<div class=\"elementor-column elementor-col-100 elementor-top-column elementor-element elementor-element-d27d536\" data-id=\"d27d536\" data-element_type=\"column\" data-e-type=\"column\">\n\t\t\t<div class=\"elementor-widget-wrap elementor-element-populated\">\n\t\t\t\t\t\t<div class=\"elementor-element elementor-element-244d5c7 elementor-grid-4 elementor-grid-tablet-2 elementor-grid-mobile-1 elementor-posts--thumbnail-top elementor-widget elementor-widget-posts\" data-id=\"244d5c7\" data-element_type=\"widget\" data-e-type=\"widget\" data-settings=\"{&quot;classic_columns&quot;:&quot;4&quot;,&quot;classic_columns_tablet&quot;:&quot;2&quot;,&quot;classic_columns_mobile&quot;:&quot;1&quot;,&quot;classic_row_gap&quot;:{&quot;unit&quot;:&quot;px&quot;,&quot;size&quot;:35,&quot;sizes&quot;:[]},&quot;classic_row_gap_tablet&quot;:{&quot;unit&quot;:&quot;px&quot;,&quot;size&quot;:&quot;&quot;,&quot;sizes&quot;:[]},&quot;classic_row_gap_mobile&quot;:{&quot;unit&quot;:&quot;px&quot;,&quot;size&quot;:&quot;&quot;,&quot;sizes&quot;:[]}}\" data-widget_type=\"posts.classic\">\n\t\t\t\t<div class=\"elementor-widget-container\">\n\t\t\t\t\t\t\t<div class=\"elementor-posts-container elementor-posts elementor-posts--skin-classic elementor-grid\" role=\"list\">\n\t\t\t\t<article class=\"elementor-post elementor-grid-item post-25188 post type-post status-publish format-standard has-post-thumbnail hentry category-institucional category-investigacion\" role=\"listitem\">\n\t\t\t\t<a class=\"elementor-post__thumbnail__link\" href=\"https:\/\/unisangil.edu.co\/?p=25188\" tabindex=\"-1\" >\n\t\t\t<div class=\"elementor-post__thumbnail\"><img decoding=\"async\" width=\"300\" height=\"117\" src=\"https:\/\/unisangil.edu.co\/wp-content\/uploads\/2026\/04\/TAMANO-PORTADA-NOTICIAS-WEB-1-300x117.jpg\" class=\"attachment-medium size-medium wp-image-25189\" alt=\"\" srcset=\"https:\/\/unisangil.edu.co\/wp-content\/uploads\/2026\/04\/TAMANO-PORTADA-NOTICIAS-WEB-1-300x117.jpg 300w, https:\/\/unisangil.edu.co\/wp-content\/uploads\/2026\/04\/TAMANO-PORTADA-NOTICIAS-WEB-1-1024x400.jpg 1024w, https:\/\/unisangil.edu.co\/wp-content\/uploads\/2026\/04\/TAMANO-PORTADA-NOTICIAS-WEB-1-768x300.jpg 768w, https:\/\/unisangil.edu.co\/wp-content\/uploads\/2026\/04\/TAMANO-PORTADA-NOTICIAS-WEB-1-1536x600.jpg 1536w, https:\/\/unisangil.edu.co\/wp-content\/uploads\/2026\/04\/TAMANO-PORTADA-NOTICIAS-WEB-1-48x19.jpg 48w, https:\/\/unisangil.edu.co\/wp-content\/uploads\/2026\/04\/TAMANO-PORTADA-NOTICIAS-WEB-1.jpg 1920w\" sizes=\"(max-width: 300px) 100vw, 300px\" \/><\/div>\n\t\t<\/a>\n\t\t\t\t<div class=\"elementor-post__text\">\n\t\t\t\t<h3 class=\"elementor-post__title\">\n\t\t\t<a href=\"https:\/\/unisangil.edu.co\/?p=25188\" >\n\t\t\t\tEncuentro Institucional de Semilleros de Investigaci\u00f3n 2026 desarrollado en UNISANGIL\t\t\t<\/a>\n\t\t<\/h3>\n\t\t\t\t<div class=\"elementor-post__excerpt\">\n\t\t\t<p>Encuentro Institucional de Semilleros de Investigaci\u00f3n 2026 desarrollado en UNISANGIL Con la presentaci\u00f3n de 64 proyectos y la participaci\u00f3n de<\/p>\n\t\t<\/div>\n\t\t\n\t\t<a class=\"elementor-post__read-more\" href=\"https:\/\/unisangil.edu.co\/?p=25188\" aria-label=\"Read more about Encuentro Institucional de Semilleros de Investigaci\u00f3n 2026 desarrollado en UNISANGIL\" tabindex=\"-1\" >\n\t\t\tLeer m\u00e1s \u00bb\t\t<\/a>\n\n\t\t\t\t<\/div>\n\t\t\t\t<\/article>\n\t\t\t\t<article class=\"elementor-post elementor-grid-item post-23736 post type-post status-publish format-standard has-post-thumbnail hentry category-institucional category-investigacion\" role=\"listitem\">\n\t\t\t\t<a class=\"elementor-post__thumbnail__link\" href=\"https:\/\/unisangil.edu.co\/?p=23736\" tabindex=\"-1\" >\n\t\t\t<div class=\"elementor-post__thumbnail\"><img decoding=\"async\" width=\"300\" height=\"117\" src=\"https:\/\/unisangil.edu.co\/wp-content\/uploads\/2026\/02\/TAMANO-PORTADA-NOTICIAS-WEB-3-300x117.jpg\" class=\"attachment-medium size-medium wp-image-23737\" alt=\"\" srcset=\"https:\/\/unisangil.edu.co\/wp-content\/uploads\/2026\/02\/TAMANO-PORTADA-NOTICIAS-WEB-3-300x117.jpg 300w, https:\/\/unisangil.edu.co\/wp-content\/uploads\/2026\/02\/TAMANO-PORTADA-NOTICIAS-WEB-3-1024x400.jpg 1024w, https:\/\/unisangil.edu.co\/wp-content\/uploads\/2026\/02\/TAMANO-PORTADA-NOTICIAS-WEB-3-768x300.jpg 768w, https:\/\/unisangil.edu.co\/wp-content\/uploads\/2026\/02\/TAMANO-PORTADA-NOTICIAS-WEB-3-1536x600.jpg 1536w, https:\/\/unisangil.edu.co\/wp-content\/uploads\/2026\/02\/TAMANO-PORTADA-NOTICIAS-WEB-3-48x19.jpg 48w, https:\/\/unisangil.edu.co\/wp-content\/uploads\/2026\/02\/TAMANO-PORTADA-NOTICIAS-WEB-3.jpg 1920w\" sizes=\"(max-width: 300px) 100vw, 300px\" \/><\/div>\n\t\t<\/a>\n\t\t\t\t<div class=\"elementor-post__text\">\n\t\t\t\t<h3 class=\"elementor-post__title\">\n\t\t\t<a href=\"https:\/\/unisangil.edu.co\/?p=23736\" >\n\t\t\t\tExperiencia de joven investigador egresado de UNISANGIL en proyecto financiado por Minciencias\t\t\t<\/a>\n\t\t<\/h3>\n\t\t\t\t<div class=\"elementor-post__excerpt\">\n\t\t\t<p>Experiencia de joven investigador egresado de UNISANGIL en proyecto financiado por Minciencias Desarrollado en el marco del programa \u201cManejo integral<\/p>\n\t\t<\/div>\n\t\t\n\t\t<a class=\"elementor-post__read-more\" href=\"https:\/\/unisangil.edu.co\/?p=23736\" aria-label=\"Read more about Experiencia de joven investigador egresado de UNISANGIL en proyecto financiado por Minciencias\" tabindex=\"-1\" >\n\t\t\tLeer m\u00e1s \u00bb\t\t<\/a>\n\n\t\t\t\t<\/div>\n\t\t\t\t<\/article>\n\t\t\t\t<article class=\"elementor-post elementor-grid-item post-23714 post type-post status-publish format-standard has-post-thumbnail hentry category-institucional category-investigacion\" role=\"listitem\">\n\t\t\t\t<a class=\"elementor-post__thumbnail__link\" href=\"https:\/\/unisangil.edu.co\/?p=23714\" tabindex=\"-1\" >\n\t\t\t<div class=\"elementor-post__thumbnail\"><img loading=\"lazy\" decoding=\"async\" width=\"300\" height=\"117\" src=\"https:\/\/unisangil.edu.co\/wp-content\/uploads\/2026\/02\/TAMANO-PORTADA-NOTICIAS-WEB-1-1-300x117.jpg\" class=\"attachment-medium size-medium wp-image-23715\" alt=\"\" srcset=\"https:\/\/unisangil.edu.co\/wp-content\/uploads\/2026\/02\/TAMANO-PORTADA-NOTICIAS-WEB-1-1-300x117.jpg 300w, https:\/\/unisangil.edu.co\/wp-content\/uploads\/2026\/02\/TAMANO-PORTADA-NOTICIAS-WEB-1-1-1024x400.jpg 1024w, https:\/\/unisangil.edu.co\/wp-content\/uploads\/2026\/02\/TAMANO-PORTADA-NOTICIAS-WEB-1-1-768x300.jpg 768w, https:\/\/unisangil.edu.co\/wp-content\/uploads\/2026\/02\/TAMANO-PORTADA-NOTICIAS-WEB-1-1-1536x600.jpg 1536w, https:\/\/unisangil.edu.co\/wp-content\/uploads\/2026\/02\/TAMANO-PORTADA-NOTICIAS-WEB-1-1-48x19.jpg 48w, https:\/\/unisangil.edu.co\/wp-content\/uploads\/2026\/02\/TAMANO-PORTADA-NOTICIAS-WEB-1-1.jpg 1920w\" sizes=\"(max-width: 300px) 100vw, 300px\" \/><\/div>\n\t\t<\/a>\n\t\t\t\t<div class=\"elementor-post__text\">\n\t\t\t\t<h3 class=\"elementor-post__title\">\n\t\t\t<a href=\"https:\/\/unisangil.edu.co\/?p=23714\" >\n\t\t\t\tExpertos del Campus Iberus visitan UNISANGIL y a comunidades rurales de Aratoca para transferir y fortalecer el turismo sostenible y la bioeconom\u00eda\t\t\t<\/a>\n\t\t<\/h3>\n\t\t\t\t<div class=\"elementor-post__excerpt\">\n\t\t\t<p>Expertos del Campus Iberus visitan UNISANGIL y a comunidades rurales de Aratoca para transferir y fortalecer el turismo sostenible y<\/p>\n\t\t<\/div>\n\t\t\n\t\t<a class=\"elementor-post__read-more\" href=\"https:\/\/unisangil.edu.co\/?p=23714\" aria-label=\"Read more about Expertos del Campus Iberus visitan UNISANGIL y a comunidades rurales de Aratoca para transferir y fortalecer el turismo sostenible y la bioeconom\u00eda\" tabindex=\"-1\" >\n\t\t\tLeer m\u00e1s \u00bb\t\t<\/a>\n\n\t\t\t\t<\/div>\n\t\t\t\t<\/article>\n\t\t\t\t<\/div>\n\t\t\n\t\t\t\t\t\t<\/div>\n\t\t\t\t<\/div>\n\t\t\t\t\t<\/div>\n\t\t<\/div>\n\t\t\t\t\t<\/div>\n\t\t<\/section>\n\t\t\t\t<section class=\"elementor-section elementor-top-section elementor-element elementor-element-4f40744 elementor-section-boxed elementor-section-height-default elementor-section-height-default\" data-id=\"4f40744\" data-element_type=\"section\" data-e-type=\"section\" data-settings=\"{&quot;background_background&quot;:&quot;classic&quot;}\">\n\t\t\t\t\t\t<div class=\"elementor-container elementor-column-gap-default\">\n\t\t\t\t\t<div class=\"elementor-column elementor-col-100 elementor-top-column elementor-element elementor-element-f80ca25\" data-id=\"f80ca25\" data-element_type=\"column\" data-e-type=\"column\">\n\t\t\t<div class=\"elementor-widget-wrap elementor-element-populated\">\n\t\t\t\t\t\t<div class=\"elementor-element elementor-element-ea44dde elementor-position-inline-start elementor-view-default elementor-mobile-position-block-start elementor-widget elementor-widget-icon-box\" data-id=\"ea44dde\" data-element_type=\"widget\" data-e-type=\"widget\" data-widget_type=\"icon-box.default\">\n\t\t\t\t<div class=\"elementor-widget-container\">\n\t\t\t\t\t\t\t<div class=\"elementor-icon-box-wrapper\">\n\n\t\t\t\t\t\t<div class=\"elementor-icon-box-icon\">\n\t\t\t\t<a href=\"https:\/\/hades.unisangil.edu.co\/?page_id=3118\" class=\"elementor-icon\" tabindex=\"-1\" aria-label=\"Archivo  de noticias\">\n\t\t\t\t<i aria-hidden=\"true\" class=\"fas fa-newspaper\"><\/i>\t\t\t\t<\/a>\n\t\t\t<\/div>\n\t\t\t\n\t\t\t\t\t\t<div class=\"elementor-icon-box-content\">\n\n\t\t\t\t\t\t\t\t\t<h3 class=\"elementor-icon-box-title\">\n\t\t\t\t\t\t<a href=\"https:\/\/hades.unisangil.edu.co\/?page_id=3118\" >\n\t\t\t\t\t\t\tArchivo  de noticias\t\t\t\t\t\t<\/a>\n\t\t\t\t\t<\/h3>\n\t\t\t\t\n\t\t\t\t\n\t\t\t<\/div>\n\t\t\t\n\t\t<\/div>\n\t\t\t\t\t\t<\/div>\n\t\t\t\t<\/div>\n\t\t\t\t\t<\/div>\n\t\t<\/div>\n\t\t\t\t\t<\/div>\n\t\t<\/section>\n\t\t\t\t<section class=\"elementor-section elementor-top-section elementor-element elementor-element-ea43e42 elementor-section-boxed elementor-section-height-default elementor-section-height-default\" data-id=\"ea43e42\" data-element_type=\"section\" data-e-type=\"section\">\n\t\t\t\t\t\t<div class=\"elementor-container elementor-column-gap-default\">\n\t\t\t\t\t<div class=\"elementor-column elementor-col-100 elementor-top-column elementor-element elementor-element-f5b459d\" data-id=\"f5b459d\" data-element_type=\"column\" data-e-type=\"column\">\n\t\t\t<div class=\"elementor-widget-wrap elementor-element-populated\">\n\t\t\t\t\t\t<div class=\"elementor-element elementor-element-8df3aff elementor-widget elementor-widget-spacer\" data-id=\"8df3aff\" data-element_type=\"widget\" data-e-type=\"widget\" data-widget_type=\"spacer.default\">\n\t\t\t\t<div class=\"elementor-widget-container\">\n\t\t\t\t\t\t\t<div class=\"elementor-spacer\">\n\t\t\t<div class=\"elementor-spacer-inner\"><\/div>\n\t\t<\/div>\n\t\t\t\t\t\t<\/div>\n\t\t\t\t<\/div>\n\t\t\t\t\t<\/div>\n\t\t<\/div>\n\t\t\t\t\t<\/div>\n\t\t<\/section>\n\t\t\t\t<\/div>\n\t\t","protected":false},"excerpt":{"rendered":"<p>El Programa de Administraci\u00f3n de Empresas, sede San Gil es de Alta Calidad . Fotograf\u00eda: Oficina de Comunicaciones UNISANGIL. MINEDUCACI\u00d3N renov\u00f3 Acreditaci\u00f3n de Alta Calidad al Programa de Administraci\u00f3n de Empresas, sede San Gil, por cuatro a\u00f1os m\u00e1s El Programa de Administraci\u00f3n de Empresas de UNISANGIL sede San Gil, es pionero a nivel Multicampus, en [&hellip;]<\/p>\n","protected":false},"author":2,"featured_media":7972,"comment_status":"closed","ping_status":"open","sticky":false,"template":"","format":"standard","meta":{"footnotes":""},"categories":[20],"tags":[],"class_list":["post-7971","post","type-post","status-publish","format-standard","has-post-thumbnail","hentry","category-institucional"],"yoast_head":"<!-- This site is optimized with the Yoast SEO plugin v25.6 - https:\/\/yoast.com\/wordpress\/plugins\/seo\/ -->\n<title>MINEDUCACI\u00d3N renov\u00f3 Acreditaci\u00f3n de Alta Calidad al Programa de Administraci\u00f3n de Empresas, sede San Gil, por cuatro a\u00f1os m\u00e1s - UNISANGIL<\/title>\n<meta name=\"description\" content=\"El Programa de Administraci\u00f3n de Empresas de UNISANGIL sede San Gil, es pionero a nivel Multicampus, en ser Acreditado en Alta Calidad.\" \/>\n<meta name=\"robots\" content=\"index, follow, max-snippet:-1, max-image-preview:large, max-video-preview:-1\" \/>\n<link rel=\"canonical\" href=\"https:\/\/unisangil.edu.co\/?p=7971\" \/>\n<meta property=\"og:locale\" content=\"es_ES\" \/>\n<meta property=\"og:type\" content=\"article\" \/>\n<meta property=\"og:title\" content=\"MINEDUCACI\u00d3N renov\u00f3 Acreditaci\u00f3n de Alta Calidad al Programa de Administraci\u00f3n de Empresas, sede San Gil, por cuatro a\u00f1os m\u00e1s - UNISANGIL\" \/>\n<meta property=\"og:description\" content=\"El Programa de Administraci\u00f3n de Empresas de UNISANGIL sede San Gil, es pionero a nivel Multicampus, en ser Acreditado en Alta Calidad.\" \/>\n<meta property=\"og:url\" content=\"https:\/\/unisangil.edu.co\/?p=7971\" \/>\n<meta property=\"og:site_name\" content=\"UNISANGIL\" \/>\n<meta property=\"article:publisher\" content=\"https:\/\/www.facebook.com\/UNISANGIL\" \/>\n<meta property=\"article:published_time\" content=\"2020-10-17T15:00:05+00:00\" \/>\n<meta property=\"article:modified_time\" content=\"2023-12-12T15:01:49+00:00\" \/>\n<meta property=\"og:image\" content=\"https:\/\/unisangil.edu.co\/wp-content\/uploads\/2023\/12\/not_admon_men.jpg\" \/>\n\t<meta property=\"og:image:width\" content=\"850\" \/>\n\t<meta property=\"og:image:height\" content=\"432\" \/>\n\t<meta property=\"og:image:type\" content=\"image\/jpeg\" \/>\n<meta name=\"author\" content=\"Joham Rodriguez\" \/>\n<meta name=\"twitter:card\" content=\"summary_large_image\" \/>\n<meta name=\"twitter:creator\" content=\"@UNISANGIL\" \/>\n<meta name=\"twitter:site\" content=\"@UNISANGIL\" \/>\n<meta name=\"twitter:label1\" content=\"Escrito por\" \/>\n\t<meta name=\"twitter:data1\" content=\"Joham Rodriguez\" \/>\n\t<meta name=\"twitter:label2\" content=\"Tiempo de lectura\" \/>\n\t<meta name=\"twitter:data2\" content=\"9 minutos\" \/>\n<script type=\"application\/ld+json\" class=\"yoast-schema-graph\">{\"@context\":\"https:\/\/schema.org\",\"@graph\":[{\"@type\":\"Article\",\"@id\":\"https:\/\/unisangil.edu.co\/?p=7971#article\",\"isPartOf\":{\"@id\":\"https:\/\/unisangil.edu.co\/?p=7971\"},\"author\":{\"name\":\"Joham Rodriguez\",\"@id\":\"https:\/\/unisangil.edu.co\/#\/schema\/person\/48a8b8dd11efb85f5593b22a496c35a2\"},\"headline\":\"MINEDUCACI\u00d3N renov\u00f3 Acreditaci\u00f3n de Alta Calidad al Programa de Administraci\u00f3n de Empresas, sede San Gil, por cuatro a\u00f1os m\u00e1s\",\"datePublished\":\"2020-10-17T15:00:05+00:00\",\"dateModified\":\"2023-12-12T15:01:49+00:00\",\"mainEntityOfPage\":{\"@id\":\"https:\/\/unisangil.edu.co\/?p=7971\"},\"wordCount\":1106,\"publisher\":{\"@id\":\"https:\/\/unisangil.edu.co\/#organization\"},\"image\":{\"@id\":\"https:\/\/unisangil.edu.co\/?p=7971#primaryimage\"},\"thumbnailUrl\":\"https:\/\/unisangil.edu.co\/wp-content\/uploads\/2023\/12\/not_admon_men.jpg\",\"articleSection\":[\"Institucional\"],\"inLanguage\":\"es-CO\"},{\"@type\":\"WebPage\",\"@id\":\"https:\/\/unisangil.edu.co\/?p=7971\",\"url\":\"https:\/\/unisangil.edu.co\/?p=7971\",\"name\":\"MINEDUCACI\u00d3N renov\u00f3 Acreditaci\u00f3n de Alta Calidad al Programa de Administraci\u00f3n de Empresas, sede San Gil, por cuatro a\u00f1os m\u00e1s - UNISANGIL\",\"isPartOf\":{\"@id\":\"https:\/\/unisangil.edu.co\/#website\"},\"primaryImageOfPage\":{\"@id\":\"https:\/\/unisangil.edu.co\/?p=7971#primaryimage\"},\"image\":{\"@id\":\"https:\/\/unisangil.edu.co\/?p=7971#primaryimage\"},\"thumbnailUrl\":\"https:\/\/unisangil.edu.co\/wp-content\/uploads\/2023\/12\/not_admon_men.jpg\",\"datePublished\":\"2020-10-17T15:00:05+00:00\",\"dateModified\":\"2023-12-12T15:01:49+00:00\",\"description\":\"El Programa de Administraci\u00f3n de Empresas de UNISANGIL sede San Gil, es pionero a nivel Multicampus, en ser Acreditado en Alta Calidad.\",\"breadcrumb\":{\"@id\":\"https:\/\/unisangil.edu.co\/?p=7971#breadcrumb\"},\"inLanguage\":\"es-CO\",\"potentialAction\":[{\"@type\":\"ReadAction\",\"target\":[\"https:\/\/unisangil.edu.co\/?p=7971\"]}]},{\"@type\":\"ImageObject\",\"inLanguage\":\"es-CO\",\"@id\":\"https:\/\/unisangil.edu.co\/?p=7971#primaryimage\",\"url\":\"https:\/\/unisangil.edu.co\/wp-content\/uploads\/2023\/12\/not_admon_men.jpg\",\"contentUrl\":\"https:\/\/unisangil.edu.co\/wp-content\/uploads\/2023\/12\/not_admon_men.jpg\",\"width\":850,\"height\":432},{\"@type\":\"BreadcrumbList\",\"@id\":\"https:\/\/unisangil.edu.co\/?p=7971#breadcrumb\",\"itemListElement\":[{\"@type\":\"ListItem\",\"position\":1,\"name\":\"Inicio\",\"item\":\"https:\/\/unisangil.edu.co\/\"},{\"@type\":\"ListItem\",\"position\":2,\"name\":\"MINEDUCACI\u00d3N renov\u00f3 Acreditaci\u00f3n de Alta Calidad al Programa de Administraci\u00f3n de Empresas, sede San Gil, por cuatro a\u00f1os m\u00e1s\"}]},{\"@type\":\"WebSite\",\"@id\":\"https:\/\/unisangil.edu.co\/#website\",\"url\":\"https:\/\/unisangil.edu.co\/\",\"name\":\"UNISANGIL\",\"description\":\"Somos una Instituci\u00f3n de educaci\u00f3n superior de origen y acci\u00f3n solidarios que contribuye con el desarrollo de la sociedad en los \u00e1mbitos local y regional\",\"publisher\":{\"@id\":\"https:\/\/unisangil.edu.co\/#organization\"},\"potentialAction\":[{\"@type\":\"SearchAction\",\"target\":{\"@type\":\"EntryPoint\",\"urlTemplate\":\"https:\/\/unisangil.edu.co\/?s={search_term_string}\"},\"query-input\":{\"@type\":\"PropertyValueSpecification\",\"valueRequired\":true,\"valueName\":\"search_term_string\"}}],\"inLanguage\":\"es-CO\"},{\"@type\":\"Organization\",\"@id\":\"https:\/\/unisangil.edu.co\/#organization\",\"name\":\"UNISANGIL\",\"url\":\"https:\/\/unisangil.edu.co\/\",\"logo\":{\"@type\":\"ImageObject\",\"inLanguage\":\"es-CO\",\"@id\":\"https:\/\/unisangil.edu.co\/#\/schema\/logo\/image\/\",\"url\":\"https:\/\/unisangil.edu.co\/wp-content\/uploads\/2023\/06\/LOGO-UNISANGIL-WEB-1-2.png\",\"contentUrl\":\"https:\/\/unisangil.edu.co\/wp-content\/uploads\/2023\/06\/LOGO-UNISANGIL-WEB-1-2.png\",\"width\":1250,\"height\":1250,\"caption\":\"UNISANGIL\"},\"image\":{\"@id\":\"https:\/\/unisangil.edu.co\/#\/schema\/logo\/image\/\"},\"sameAs\":[\"https:\/\/www.facebook.com\/UNISANGIL\",\"https:\/\/x.com\/UNISANGIL\"]},{\"@type\":\"Person\",\"@id\":\"https:\/\/unisangil.edu.co\/#\/schema\/person\/48a8b8dd11efb85f5593b22a496c35a2\",\"name\":\"Joham Rodriguez\",\"url\":\"https:\/\/unisangil.edu.co\/?author=2\"}]}<\/script>\n<!-- \/ Yoast SEO plugin. -->","yoast_head_json":{"title":"MINEDUCACI\u00d3N renov\u00f3 Acreditaci\u00f3n de Alta Calidad al Programa de Administraci\u00f3n de Empresas, sede San Gil, por cuatro a\u00f1os m\u00e1s - UNISANGIL","description":"El Programa de Administraci\u00f3n de Empresas de UNISANGIL sede San Gil, es pionero a nivel Multicampus, en ser Acreditado en Alta Calidad.","robots":{"index":"index","follow":"follow","max-snippet":"max-snippet:-1","max-image-preview":"max-image-preview:large","max-video-preview":"max-video-preview:-1"},"canonical":"https:\/\/unisangil.edu.co\/?p=7971","og_locale":"es_ES","og_type":"article","og_title":"MINEDUCACI\u00d3N renov\u00f3 Acreditaci\u00f3n de Alta Calidad al Programa de Administraci\u00f3n de Empresas, sede San Gil, por cuatro a\u00f1os m\u00e1s - UNISANGIL","og_description":"El Programa de Administraci\u00f3n de Empresas de UNISANGIL sede San Gil, es pionero a nivel Multicampus, en ser Acreditado en Alta Calidad.","og_url":"https:\/\/unisangil.edu.co\/?p=7971","og_site_name":"UNISANGIL","article_publisher":"https:\/\/www.facebook.com\/UNISANGIL","article_published_time":"2020-10-17T15:00:05+00:00","article_modified_time":"2023-12-12T15:01:49+00:00","og_image":[{"width":850,"height":432,"url":"https:\/\/unisangil.edu.co\/wp-content\/uploads\/2023\/12\/not_admon_men.jpg","type":"image\/jpeg"}],"author":"Joham Rodriguez","twitter_card":"summary_large_image","twitter_creator":"@UNISANGIL","twitter_site":"@UNISANGIL","twitter_misc":{"Escrito por":"Joham Rodriguez","Tiempo de lectura":"9 minutos"},"schema":{"@context":"https:\/\/schema.org","@graph":[{"@type":"Article","@id":"https:\/\/unisangil.edu.co\/?p=7971#article","isPartOf":{"@id":"https:\/\/unisangil.edu.co\/?p=7971"},"author":{"name":"Joham Rodriguez","@id":"https:\/\/unisangil.edu.co\/#\/schema\/person\/48a8b8dd11efb85f5593b22a496c35a2"},"headline":"MINEDUCACI\u00d3N renov\u00f3 Acreditaci\u00f3n de Alta Calidad al Programa de Administraci\u00f3n de Empresas, sede San Gil, por cuatro a\u00f1os m\u00e1s","datePublished":"2020-10-17T15:00:05+00:00","dateModified":"2023-12-12T15:01:49+00:00","mainEntityOfPage":{"@id":"https:\/\/unisangil.edu.co\/?p=7971"},"wordCount":1106,"publisher":{"@id":"https:\/\/unisangil.edu.co\/#organization"},"image":{"@id":"https:\/\/unisangil.edu.co\/?p=7971#primaryimage"},"thumbnailUrl":"https:\/\/unisangil.edu.co\/wp-content\/uploads\/2023\/12\/not_admon_men.jpg","articleSection":["Institucional"],"inLanguage":"es-CO"},{"@type":"WebPage","@id":"https:\/\/unisangil.edu.co\/?p=7971","url":"https:\/\/unisangil.edu.co\/?p=7971","name":"MINEDUCACI\u00d3N renov\u00f3 Acreditaci\u00f3n de Alta Calidad al Programa de Administraci\u00f3n de Empresas, sede San Gil, por cuatro a\u00f1os m\u00e1s - UNISANGIL","isPartOf":{"@id":"https:\/\/unisangil.edu.co\/#website"},"primaryImageOfPage":{"@id":"https:\/\/unisangil.edu.co\/?p=7971#primaryimage"},"image":{"@id":"https:\/\/unisangil.edu.co\/?p=7971#primaryimage"},"thumbnailUrl":"https:\/\/unisangil.edu.co\/wp-content\/uploads\/2023\/12\/not_admon_men.jpg","datePublished":"2020-10-17T15:00:05+00:00","dateModified":"2023-12-12T15:01:49+00:00","description":"El Programa de Administraci\u00f3n de Empresas de UNISANGIL sede San Gil, es pionero a nivel Multicampus, en ser Acreditado en Alta Calidad.","breadcrumb":{"@id":"https:\/\/unisangil.edu.co\/?p=7971#breadcrumb"},"inLanguage":"es-CO","potentialAction":[{"@type":"ReadAction","target":["https:\/\/unisangil.edu.co\/?p=7971"]}]},{"@type":"ImageObject","inLanguage":"es-CO","@id":"https:\/\/unisangil.edu.co\/?p=7971#primaryimage","url":"https:\/\/unisangil.edu.co\/wp-content\/uploads\/2023\/12\/not_admon_men.jpg","contentUrl":"https:\/\/unisangil.edu.co\/wp-content\/uploads\/2023\/12\/not_admon_men.jpg","width":850,"height":432},{"@type":"BreadcrumbList","@id":"https:\/\/unisangil.edu.co\/?p=7971#breadcrumb","itemListElement":[{"@type":"ListItem","position":1,"name":"Inicio","item":"https:\/\/unisangil.edu.co\/"},{"@type":"ListItem","position":2,"name":"MINEDUCACI\u00d3N renov\u00f3 Acreditaci\u00f3n de Alta Calidad al Programa de Administraci\u00f3n de Empresas, sede San Gil, por cuatro a\u00f1os m\u00e1s"}]},{"@type":"WebSite","@id":"https:\/\/unisangil.edu.co\/#website","url":"https:\/\/unisangil.edu.co\/","name":"UNISANGIL","description":"Somos una Instituci\u00f3n de educaci\u00f3n superior de origen y acci\u00f3n solidarios que contribuye con el desarrollo de la sociedad en los \u00e1mbitos local y regional","publisher":{"@id":"https:\/\/unisangil.edu.co\/#organization"},"potentialAction":[{"@type":"SearchAction","target":{"@type":"EntryPoint","urlTemplate":"https:\/\/unisangil.edu.co\/?s={search_term_string}"},"query-input":{"@type":"PropertyValueSpecification","valueRequired":true,"valueName":"search_term_string"}}],"inLanguage":"es-CO"},{"@type":"Organization","@id":"https:\/\/unisangil.edu.co\/#organization","name":"UNISANGIL","url":"https:\/\/unisangil.edu.co\/","logo":{"@type":"ImageObject","inLanguage":"es-CO","@id":"https:\/\/unisangil.edu.co\/#\/schema\/logo\/image\/","url":"https:\/\/unisangil.edu.co\/wp-content\/uploads\/2023\/06\/LOGO-UNISANGIL-WEB-1-2.png","contentUrl":"https:\/\/unisangil.edu.co\/wp-content\/uploads\/2023\/06\/LOGO-UNISANGIL-WEB-1-2.png","width":1250,"height":1250,"caption":"UNISANGIL"},"image":{"@id":"https:\/\/unisangil.edu.co\/#\/schema\/logo\/image\/"},"sameAs":["https:\/\/www.facebook.com\/UNISANGIL","https:\/\/x.com\/UNISANGIL"]},{"@type":"Person","@id":"https:\/\/unisangil.edu.co\/#\/schema\/person\/48a8b8dd11efb85f5593b22a496c35a2","name":"Joham Rodriguez","url":"https:\/\/unisangil.edu.co\/?author=2"}]}},"_links":{"self":[{"href":"https:\/\/unisangil.edu.co\/index.php?rest_route=\/wp\/v2\/posts\/7971"}],"collection":[{"href":"https:\/\/unisangil.edu.co\/index.php?rest_route=\/wp\/v2\/posts"}],"about":[{"href":"https:\/\/unisangil.edu.co\/index.php?rest_route=\/wp\/v2\/types\/post"}],"author":[{"embeddable":true,"href":"https:\/\/unisangil.edu.co\/index.php?rest_route=\/wp\/v2\/users\/2"}],"replies":[{"embeddable":true,"href":"https:\/\/unisangil.edu.co\/index.php?rest_route=%2Fwp%2Fv2%2Fcomments&post=7971"}],"version-history":[{"count":4,"href":"https:\/\/unisangil.edu.co\/index.php?rest_route=\/wp\/v2\/posts\/7971\/revisions"}],"predecessor-version":[{"id":7976,"href":"https:\/\/unisangil.edu.co\/index.php?rest_route=\/wp\/v2\/posts\/7971\/revisions\/7976"}],"wp:featuredmedia":[{"embeddable":true,"href":"https:\/\/unisangil.edu.co\/index.php?rest_route=\/wp\/v2\/media\/7972"}],"wp:attachment":[{"href":"https:\/\/unisangil.edu.co\/index.php?rest_route=%2Fwp%2Fv2%2Fmedia&parent=7971"}],"wp:term":[{"taxonomy":"category","embeddable":true,"href":"https:\/\/unisangil.edu.co\/index.php?rest_route=%2Fwp%2Fv2%2Fcategories&post=7971"},{"taxonomy":"post_tag","embeddable":true,"href":"https:\/\/unisangil.edu.co\/index.php?rest_route=%2Fwp%2Fv2%2Ftags&post=7971"}],"curies":[{"name":"wp","href":"https:\/\/api.w.org\/{rel}","templated":true}]}}